{"id":5127,"date":"2020-10-29T08:17:35","date_gmt":"2020-10-29T11:17:35","guid":{"rendered":"http:\/\/www.centraldenoticias.com.ar\/?p=5127"},"modified":"2020-10-29T08:17:35","modified_gmt":"2020-10-29T11:17:35","slug":"amelia-elvira-donofrio-viuda-de-jauregui-q-e-p-d","status":"publish","type":"post","link":"https:\/\/cdnoticias.com\/index.php\/2020\/10\/29\/amelia-elvira-donofrio-viuda-de-jauregui-q-e-p-d\/","title":{"rendered":"Amelia Elvira D&#8217;onofrio viuda de J\u00e1uregui (Q.E.P.D.)"},"content":{"rendered":"<p>Falleci\u00f3 en Olavarr\u00eda a los 83 a\u00f1os de edad. Sus hijas Sandra Cecilia y Susana Veronica Jauregui; sus hijos pol\u00edticos Pablo Schmidt y Sergio Dirazar; sus nietos Ignacio y Martina Schmidt; Rocio y Tomas Dirazar Jauregui; sus bisnietos Benjamin, Catalina y Olivia; sus hermanos, hermanos pol\u00edticos, sobrinos y dem\u00e1s deudos participan su fallecimiento.<\/p>\n<p>&nbsp;<\/p>\n<p>Sus restos ser\u00e1n inhumados en el Cementerio Loma de Paz este jueves a las 14.30 horas. Nacida en Olavarr\u00eda, vecina del barrio San Vicente, jubilada y pensionada.<\/p>\n","protected":false},"excerpt":{"rendered":"<p>Falleci\u00f3 en Olavarr\u00eda a los 83 a\u00f1os de edad. Sus hijas Sandra Cecilia y Susana Veronica Jauregui; sus hijos pol\u00edticos<\/p>\n","protected":false},"author":2,"featured_media":0,"comment_status":"closed","ping_status":"closed","sticky":false,"template":"","format":"standard","meta":{"_jetpack_memberships_contains_paid_content":false,"footnotes":""},"categories":[10],"tags":[],"class_list":["post-5127","post","type-post","status-publish","format-standard","hentry","category-necrologicas"],"jetpack_featured_media_url":"","jetpack_sharing_enabled":true,"_links":{"self":[{"href":"https:\/\/cdnoticias.com\/index.php\/wp-json\/wp\/v2\/posts\/5127","targetHints":{"allow":["GET"]}}],"collection":[{"href":"https:\/\/cdnoticias.com\/index.php\/wp-json\/wp\/v2\/posts"}],"about":[{"href":"https:\/\/cdnoticias.com\/index.php\/wp-json\/wp\/v2\/types\/post"}],"author":[{"embeddable":true,"href":"https:\/\/cdnoticias.com\/index.php\/wp-json\/wp\/v2\/users\/2"}],"replies":[{"embeddable":true,"href":"https:\/\/cdnoticias.com\/index.php\/wp-json\/wp\/v2\/comments?post=5127"}],"version-history":[{"count":0,"href":"https:\/\/cdnoticias.com\/index.php\/wp-json\/wp\/v2\/posts\/5127\/revisions"}],"wp:attachment":[{"href":"https:\/\/cdnoticias.com\/index.php\/wp-json\/wp\/v2\/media?parent=5127"}],"wp:term":[{"taxonomy":"category","embeddable":true,"href":"https:\/\/cdnoticias.com\/index.php\/wp-json\/wp\/v2\/categories?post=5127"},{"taxonomy":"post_tag","embeddable":true,"href":"https:\/\/cdnoticias.com\/index.php\/wp-json\/wp\/v2\/tags?post=5127"}],"curies":[{"name":"wp","href":"https:\/\/api.w.org\/{rel}","templated":true}]}}