{"id":51269,"date":"2022-04-10T12:01:23","date_gmt":"2022-04-10T15:01:23","guid":{"rendered":"https:\/\/www.centraldenoticias.com.ar\/?p=51269"},"modified":"2022-04-11T07:36:05","modified_gmt":"2022-04-11T10:36:05","slug":"integrantes-de-la-federacion-apeba-se-reuniran-en-coopelectric","status":"publish","type":"post","link":"https:\/\/cdnoticias.com\/index.php\/2022\/04\/10\/integrantes-de-la-federacion-apeba-se-reuniran-en-coopelectric\/","title":{"rendered":"Integrantes de la Federaci\u00f3n APEBA se reunir\u00e1n en Coopelectric"},"content":{"rendered":"<p>La reuni\u00f3n ser\u00e1 el pr\u00f3ximo martes 12 de abril en la sede de Coopelectric. <!--more--><\/p>\n<hr \/>\n<p>&nbsp;<\/p>\n<p style=\"font-weight: 400;\">El <strong>pr\u00f3ximo martes 12 de abril Coopelectric ser\u00e1 sede de la reuni\u00f3n<\/strong> del Consejo de Administraci\u00f3n de la Federaci\u00f3n de Cooperativas de Prestadores El\u00e9ctricos de la Provincia de Buenos Aires, la cual nuclea a las <strong>distribuidoras municipales m\u00e1s importantes<\/strong> del \u00e1mbito bonaerense.<\/p>\n<p>&nbsp;<\/p>\n<p style=\"font-weight: 400;\"><strong>Participar\u00e1n de la misma<\/strong> las autoridades de Coopelectric, de la Cooperativa El\u00e9ctrica de Azul Ltda., Cooperativa de Obras Servicios P\u00fablicos y Servicios Sociales Ltda. de Tres Arroyos; Usina Popular y Municipal de Tandil Sociedad de Econom\u00eda Mixta; Cooperativa El\u00e9ctrica de Chacabuco Ltda.; Cooperativa El\u00e9ctrica y de Servicios P\u00fablicos Lujanense Ltda.; Cooperativa El\u00e9ctrica, Servicios Anexos de Vivienda y Cr\u00e9ditos de Pergamino Ltda.; Cooperativa El\u00e9ctrica de Consumo y otros Servicios de Saladillo Ltda.; Cooperativa de Provisi\u00f3n de Servicios El\u00e9ctricos, P\u00fablicos y Sociales de San Pedro Ltda.; Cooperativa de Electricidad y Servicios Anexos Ltda. de Z\u00e1rate; Cooperativa Ltda. de Consumo de Electricidad del Salto; Cooperativa El\u00e9ctrica y de Servicios \u201cMariano Moreno\u201d Ltda. De 9 de Julio; Cooperativa de Provisi\u00f3n de Servicios El\u00e9ctricos y Sociales, Vivienda y Cr\u00e9ditos de Col\u00f3n Ltda.; Usina Popular Cooperativa de Obras, Servicios P\u00fablicos y Sociales Ltda. de Necochea Sebasti\u00e1n De Maria.<\/p>\n<p>&nbsp;<\/p>\n<p style=\"font-weight: 400;\">\u201cLa Cooperativa de Olavarr\u00eda ocupa el cargo de tesorero en la Federaci\u00f3n\u201d explic\u00f3 el <strong>presidente del Consejo de Administraci\u00f3n Cruz Arouxet<\/strong> y agreg\u00f3 \u201c<strong>es un honor recibir en nuestra sede a los integrantes de entidades hermanas<\/strong>, creemos que el trabajo asociativo promueve los valores cooperativos y constituye una herramienta esencial para la articulaci\u00f3n con los organismos el\u00e9ctricos provinciales, para el an\u00e1lisis y la proyecci\u00f3n de nuestra prestaci\u00f3n\u201d.<\/p>\n<p>&nbsp;<\/p>\n<p style=\"font-weight: 400;\">Durante el encuentro se abordar\u00e1n diversas tem\u00e1ticas <strong>relacionadas a la situaci\u00f3n energ\u00e9tica y tarifaria a nivel provincial, informes vinculados a los organismos de control y las gestiones que se impulsan actualmente desde la Federaci\u00f3n.<\/strong><\/p>\n<p>&nbsp;<\/p>\n<p style=\"font-weight: 400;\"><strong>Federaci\u00f3n APEBA<\/strong><\/p>\n<p>&nbsp;<\/p>\n<p style=\"font-weight: 400;\">La<strong> Federaci\u00f3n APEBA<\/strong> es una entidad de segundo grado <strong>integrada por 14 distribuidoras que prestan el servicio el\u00e9ctrico a m\u00e1s de 440.000 usuarios bonaerenses.<\/strong> Dichas entidades comparten el inter\u00e9s com\u00fan de afrontar los desaf\u00edos del sector el\u00e9ctrico mediante la participaci\u00f3n activa de sus integrantes y la defensa de sus comunidades.<\/p>\n<p>&nbsp;<\/p>\n<p style=\"font-weight: 400;\">En cada encuentro de la Federaci\u00f3n se tratan problem\u00e1ticas y situaciones inherentes a todas las entidades. En tal sentido, y a trav\u00e9s de las decisiones acordadas, se llevan a cabo<strong> gestiones de \u00edndole t\u00e9cnica<\/strong> como cuestiones regulatorias, econ\u00f3micas y legales; institucionales a trav\u00e9s del di\u00e1logo con las autoridades de organismos y entidades provinciales y nacionales, y gestiones de car\u00e1cter interfederativo.<\/p>\n<p>&nbsp;<\/p>\n","protected":false},"excerpt":{"rendered":"<p>La reuni\u00f3n ser\u00e1 el pr\u00f3ximo martes 12 de abril en la sede de Coopelectric.<\/p>\n","protected":false},"author":6,"featured_media":39853,"comment_status":"closed","ping_status":"closed","sticky":false,"template":"","format":"standard","meta":{"_jetpack_memberships_contains_paid_content":false,"footnotes":""},"categories":[5,1],"tags":[],"class_list":["post-51269","post","type-post","status-publish","format-standard","has-post-thumbnail","hentry","category-informacion-general","category-portada"],"jetpack_featured_media_url":"https:\/\/i0.wp.com\/cdnoticias.com\/wp-content\/uploads\/2021\/11\/CruzArouxet6.jpg?fit=4608%2C2564&ssl=1","jetpack_sharing_enabled":true,"_links":{"self":[{"href":"https:\/\/cdnoticias.com\/index.php\/wp-json\/wp\/v2\/posts\/51269","targetHints":{"allow":["GET"]}}],"collection":[{"href":"https:\/\/cdnoticias.com\/index.php\/wp-json\/wp\/v2\/posts"}],"about":[{"href":"https:\/\/cdnoticias.com\/index.php\/wp-json\/wp\/v2\/types\/post"}],"author":[{"embeddable":true,"href":"https:\/\/cdnoticias.com\/index.php\/wp-json\/wp\/v2\/users\/6"}],"replies":[{"embeddable":true,"href":"https:\/\/cdnoticias.com\/index.php\/wp-json\/wp\/v2\/comments?post=51269"}],"version-history":[{"count":0,"href":"https:\/\/cdnoticias.com\/index.php\/wp-json\/wp\/v2\/posts\/51269\/revisions"}],"wp:featuredmedia":[{"embeddable":true,"href":"https:\/\/cdnoticias.com\/index.php\/wp-json\/wp\/v2\/media\/39853"}],"wp:attachment":[{"href":"https:\/\/cdnoticias.com\/index.php\/wp-json\/wp\/v2\/media?parent=51269"}],"wp:term":[{"taxonomy":"category","embeddable":true,"href":"https:\/\/cdnoticias.com\/index.php\/wp-json\/wp\/v2\/categories?post=51269"},{"taxonomy":"post_tag","embeddable":true,"href":"https:\/\/cdnoticias.com\/index.php\/wp-json\/wp\/v2\/tags?post=51269"}],"curies":[{"name":"wp","href":"https:\/\/api.w.org\/{rel}","templated":true}]}}