{"id":51266,"date":"2022-04-09T15:19:17","date_gmt":"2022-04-09T18:19:17","guid":{"rendered":"https:\/\/www.centraldenoticias.com.ar\/?p=51266"},"modified":"2022-04-09T15:19:17","modified_gmt":"2022-04-09T18:19:17","slug":"ezequiel-galli-se-reunio-con-facundo-manes","status":"publish","type":"post","link":"https:\/\/cdnoticias.com\/index.php\/2022\/04\/09\/ezequiel-galli-se-reunio-con-facundo-manes\/","title":{"rendered":"Ezequiel Galli se reuni\u00f3 con Facundo Manes"},"content":{"rendered":"<p>Fue en la ma\u00f1ana de este s\u00e1bado, en el despacho del jefe comunal. \u201cNo s\u00f3lo es un gran dirigente sino que adem\u00e1s es un excelente profesional\u201d dijo.<!--more--><\/p>\n<hr \/>\n<p>En la ma\u00f1ana de este s\u00e1bado, <strong>el intendente Ezequiel Galli recibi\u00f3 en su despacho al neurocient\u00edfico Facundo Manes.<\/strong><\/p>\n<p>&nbsp;<\/p>\n<p>La visita tiene lugar luego de<a href=\"https:\/\/cdnoticias.com\/index.php\/2022\/04\/09\/ante-sala-repleta-en-el-teatro-facundo-manes-presento-la-revolucion-del-conocimiento\/\" target=\"_blank\" rel=\"noopener\"> la presentaci\u00f3n del Diputado Nacional del viernes por la noche en el Teatro Municipal<\/a>, por la cual el funcionario se mostr\u00f3 agradecido por \u201cel c\u00e1lido recibimiento de los olavarrienses\u201d.<\/p>\n<p>&nbsp;<\/p>\n<p>Cabe recordar qu<strong>e el Intendente estuvo presente en la charla junto a integrantes de su gabinete e intercambiaron palabras finalizada la actividad.<\/strong><\/p>\n<p>&nbsp;<\/p>\n<p>Con respecto a la reuni\u00f3n, el Intendente sostuvo que <em>\u201ces un gran placer para m\u00ed recibir en nuestra ciudad al diputado Facundo Manes. No solo es un gran dirigente sino que adem\u00e1s es un excelente profesional, que ya tuvimos el placer de recibir el a\u00f1o pasado junto a Diego Santilli\u201d.<\/em><\/p>\n","protected":false},"excerpt":{"rendered":"<p>Fue en la ma\u00f1ana de este s\u00e1bado, en el despacho del jefe comunal. \u201cNo s\u00f3lo es un gran dirigente sino<\/p>\n","protected":false},"author":2,"featured_media":51267,"comment_status":"closed","ping_status":"closed","sticky":false,"template":"","format":"standard","meta":{"_jetpack_memberships_contains_paid_content":false,"footnotes":""},"categories":[4,1],"tags":[],"class_list":["post-51266","post","type-post","status-publish","format-standard","has-post-thumbnail","hentry","category-politica","category-portada"],"jetpack_featured_media_url":"https:\/\/i0.wp.com\/cdnoticias.com\/wp-content\/uploads\/2022\/04\/Reunion-Galli-Manes-1024x685-1.jpg?fit=1024%2C685&ssl=1","jetpack_sharing_enabled":true,"_links":{"self":[{"href":"https:\/\/cdnoticias.com\/index.php\/wp-json\/wp\/v2\/posts\/51266","targetHints":{"allow":["GET"]}}],"collection":[{"href":"https:\/\/cdnoticias.com\/index.php\/wp-json\/wp\/v2\/posts"}],"about":[{"href":"https:\/\/cdnoticias.com\/index.php\/wp-json\/wp\/v2\/types\/post"}],"author":[{"embeddable":true,"href":"https:\/\/cdnoticias.com\/index.php\/wp-json\/wp\/v2\/users\/2"}],"replies":[{"embeddable":true,"href":"https:\/\/cdnoticias.com\/index.php\/wp-json\/wp\/v2\/comments?post=51266"}],"version-history":[{"count":0,"href":"https:\/\/cdnoticias.com\/index.php\/wp-json\/wp\/v2\/posts\/51266\/revisions"}],"wp:featuredmedia":[{"embeddable":true,"href":"https:\/\/cdnoticias.com\/index.php\/wp-json\/wp\/v2\/media\/51267"}],"wp:attachment":[{"href":"https:\/\/cdnoticias.com\/index.php\/wp-json\/wp\/v2\/media?parent=51266"}],"wp:term":[{"taxonomy":"category","embeddable":true,"href":"https:\/\/cdnoticias.com\/index.php\/wp-json\/wp\/v2\/categories?post=51266"},{"taxonomy":"post_tag","embeddable":true,"href":"https:\/\/cdnoticias.com\/index.php\/wp-json\/wp\/v2\/tags?post=51266"}],"curies":[{"name":"wp","href":"https:\/\/api.w.org\/{rel}","templated":true}]}}