{"id":51245,"date":"2022-04-09T08:32:30","date_gmt":"2022-04-09T11:32:30","guid":{"rendered":"https:\/\/www.centraldenoticias.com.ar\/?p=51245"},"modified":"2022-04-09T08:32:30","modified_gmt":"2022-04-09T11:32:30","slug":"maria-celeste-bellomo-de-gonzalez-q-e-p-d","status":"publish","type":"post","link":"https:\/\/cdnoticias.com\/index.php\/2022\/04\/09\/maria-celeste-bellomo-de-gonzalez-q-e-p-d\/","title":{"rendered":"Mar\u00eda Celeste Bellomo de Gonz\u00e1lez (Q.E.P.D.)"},"content":{"rendered":"<p>Falleci\u00f3 en Olavarr\u00eda el d\u00eda 8 de abril a los 56 a\u00f1os. Su esposo Guillermo Rosbel Gonzalez; sus hijos Ezequiel y Alejo Gonzalez; su madre Nelly Noem\u00ed Fern\u00e1ndez (Mimi); su hermano Mario Bellomo; sus hermanos pol\u00edticos Cristina Villegas; sus sobrinos Marina, Florencia, Carlos, Sebasti\u00e1n y Maria Jes\u00fas Bellomo; Joaqu\u00edn Gonzalez; Itati Catanzaro; Pilar y Zoe Alonso; sus sobrinos pol\u00edticos Mat\u00edas Alonso e Ignacio Catanzaro y dem\u00e1s deudos participan su fallecimiento.<\/p>\n<p>&nbsp;<\/p>\n<p>Sus restos ser\u00e1n velados en la Sala de Espa\u00f1a 2942 departamento \u201cC\u201d este s\u00e1bado de 09:00 a 13:00 horas e inhumados en el Crematorio Pinos de Paz en d\u00eda y horario a confirmar. Nacida en Olavarr\u00eda, vecina de barrio Luj\u00e1n, secretaria.<\/p>\n","protected":false},"excerpt":{"rendered":"<p>Falleci\u00f3 en Olavarr\u00eda el d\u00eda 8 de abril a los 56 a\u00f1os. Su esposo Guillermo Rosbel Gonzalez; sus hijos Ezequiel<\/p>\n","protected":false},"author":2,"featured_media":0,"comment_status":"closed","ping_status":"closed","sticky":false,"template":"","format":"standard","meta":{"_jetpack_memberships_contains_paid_content":false,"footnotes":""},"categories":[10],"tags":[],"class_list":["post-51245","post","type-post","status-publish","format-standard","hentry","category-necrologicas"],"jetpack_featured_media_url":"","jetpack_sharing_enabled":true,"_links":{"self":[{"href":"https:\/\/cdnoticias.com\/index.php\/wp-json\/wp\/v2\/posts\/51245","targetHints":{"allow":["GET"]}}],"collection":[{"href":"https:\/\/cdnoticias.com\/index.php\/wp-json\/wp\/v2\/posts"}],"about":[{"href":"https:\/\/cdnoticias.com\/index.php\/wp-json\/wp\/v2\/types\/post"}],"author":[{"embeddable":true,"href":"https:\/\/cdnoticias.com\/index.php\/wp-json\/wp\/v2\/users\/2"}],"replies":[{"embeddable":true,"href":"https:\/\/cdnoticias.com\/index.php\/wp-json\/wp\/v2\/comments?post=51245"}],"version-history":[{"count":0,"href":"https:\/\/cdnoticias.com\/index.php\/wp-json\/wp\/v2\/posts\/51245\/revisions"}],"wp:attachment":[{"href":"https:\/\/cdnoticias.com\/index.php\/wp-json\/wp\/v2\/media?parent=51245"}],"wp:term":[{"taxonomy":"category","embeddable":true,"href":"https:\/\/cdnoticias.com\/index.php\/wp-json\/wp\/v2\/categories?post=51245"},{"taxonomy":"post_tag","embeddable":true,"href":"https:\/\/cdnoticias.com\/index.php\/wp-json\/wp\/v2\/tags?post=51245"}],"curies":[{"name":"wp","href":"https:\/\/api.w.org\/{rel}","templated":true}]}}