{"id":5124,"date":"2020-10-28T20:12:33","date_gmt":"2020-10-28T23:12:33","guid":{"rendered":"http:\/\/www.centraldenoticias.com.ar\/?p=5124"},"modified":"2020-10-29T08:41:50","modified_gmt":"2020-10-29T11:41:50","slug":"emergencia-sanitaria-99-nuevos-casos-y-184-personas-de-alta","status":"publish","type":"post","link":"https:\/\/cdnoticias.com\/index.php\/2020\/10\/28\/emergencia-sanitaria-99-nuevos-casos-y-184-personas-de-alta\/","title":{"rendered":"Emergencia sanitaria: 99 nuevos casos y 184 personas de alta"},"content":{"rendered":"<p>Este mi\u00e9rcoles, se conoci\u00f3 casi un centenar de nuevos casos pero, en paralelo, casi doscientas fueron dadas de alta. Ahora son 635 los pacientes activos con COVID en la ciudad. De 64 hisopados del RTA, 21 fueron confirmados.<!--more--><\/p>\n<hr \/>\n<p>En la jornada de este mi\u00e9rcoles, <strong>el Municipio inform\u00f3, en su parte diario habitual, 99 nuevos casos de COVID en Olavarr\u00eda. El dato de la jornada est\u00e1 en que 184 personas fueron dadas de alta en las \u00faltimas 24 horas<\/strong>, y son 645 los casos activos en el distrito.<\/p>\n<p>&nbsp;<\/p>\n<blockquote><p>Con m\u00e1s de 240 testeos, se descartaron 143. Con las 184 altas, son 2.730 los pacientes curados desde el inicio de la pandemia a mediados de marzo.<\/p><\/blockquote>\n<p>&nbsp;<\/p>\n<p><img data-recalc-dims=\"1\" loading=\"lazy\" decoding=\"async\" class=\"alignnone size-full wp-image-5122\" src=\"https:\/\/i0.wp.com\/cdnoticias.com\/wp-content\/uploads\/2020\/10\/parte-19.jpg?resize=800%2C407&#038;ssl=1\" alt=\"\" width=\"800\" height=\"407\" srcset=\"https:\/\/i0.wp.com\/cdnoticias.com\/wp-content\/uploads\/2020\/10\/parte-19.jpg?w=1169&amp;ssl=1 1169w, https:\/\/i0.wp.com\/cdnoticias.com\/wp-content\/uploads\/2020\/10\/parte-19.jpg?resize=300%2C153&amp;ssl=1 300w, https:\/\/i0.wp.com\/cdnoticias.com\/wp-content\/uploads\/2020\/10\/parte-19.jpg?resize=768%2C391&amp;ssl=1 768w, https:\/\/i0.wp.com\/cdnoticias.com\/wp-content\/uploads\/2020\/10\/parte-19.jpg?resize=1024%2C521&amp;ssl=1 1024w\" sizes=\"auto, (max-width: 800px) 100vw, 800px\" \/><\/p>\n<p>&nbsp;<\/p>\n<p>Los resultados de los <strong>testeos masivos<\/strong>\u00a0arrojaron que de <strong>64 testeos, 21 fueron positivos y se descartaron 43. <a href=\"https:\/\/cdnoticias.com\/index.php\/2020\/10\/28\/el-programa-rta-recibio-a-mas-de-60-vecinos-de-las-localidades\/\" target=\"_blank\" rel=\"noopener\">Hoy el programa estuvo en dos de las localidades del Partido.<\/a><\/strong><\/p>\n<p>&nbsp;<\/p>\n<p><img data-recalc-dims=\"1\" loading=\"lazy\" decoding=\"async\" class=\"alignnone size-full wp-image-5123\" src=\"https:\/\/i0.wp.com\/cdnoticias.com\/wp-content\/uploads\/2020\/10\/WhatsApp-Image-2020-10-28-at-20.02.12.jpeg?resize=800%2C800&#038;ssl=1\" alt=\"\" width=\"800\" height=\"800\" srcset=\"https:\/\/i0.wp.com\/cdnoticias.com\/wp-content\/uploads\/2020\/10\/WhatsApp-Image-2020-10-28-at-20.02.12.jpeg?w=1280&amp;ssl=1 1280w, https:\/\/i0.wp.com\/cdnoticias.com\/wp-content\/uploads\/2020\/10\/WhatsApp-Image-2020-10-28-at-20.02.12.jpeg?resize=150%2C150&amp;ssl=1 150w, https:\/\/i0.wp.com\/cdnoticias.com\/wp-content\/uploads\/2020\/10\/WhatsApp-Image-2020-10-28-at-20.02.12.jpeg?resize=300%2C300&amp;ssl=1 300w, https:\/\/i0.wp.com\/cdnoticias.com\/wp-content\/uploads\/2020\/10\/WhatsApp-Image-2020-10-28-at-20.02.12.jpeg?resize=768%2C768&amp;ssl=1 768w, https:\/\/i0.wp.com\/cdnoticias.com\/wp-content\/uploads\/2020\/10\/WhatsApp-Image-2020-10-28-at-20.02.12.jpeg?resize=1024%2C1024&amp;ssl=1 1024w\" sizes=\"auto, (max-width: 800px) 100vw, 800px\" \/><\/p>\n<p>&nbsp;<\/p>\n<p>En materia de ocupaci\u00f3n hospitalaria, <strong>hay 11 personas internadas en Terapia Intensiva, y 32 en la denominada cl\u00ednica COVID, en un porcentaje similar a las \u00faltimas jornadas.<\/strong><\/p>\n<p>&nbsp;<\/p>\n<p>Cabe recordar que<strong> el programa RTA continuar\u00e1 ma\u00f1ana jueves de 10 a 11 horas en el CAPS de Santa Luisa y de 12 a 13 horas en el Club Loma Negra.<\/strong> Se recuerda que solo deben asistir los pacientes que presenten s\u00edntomas como tos, falta de olfato, falta de gusto, m\u00e1s de 37.5\u00ba de fiebre, dolor de garganta, falta de aire o m\u00e1s de 48 horas con diarrea.<\/p>\n<p>&nbsp;<\/p>\n<p><strong>No se realizar\u00e1 hisopado de pacientes asintom\u00e1ticos<\/strong> o con otros s\u00edntomas asociados con menor frecuencia a COVID-19.<\/p>\n","protected":false},"excerpt":{"rendered":"<p>Este mi\u00e9rcoles, se conoci\u00f3 casi un centenar de nuevos casos pero, en paralelo, casi doscientas fueron dadas de alta. Ahora<\/p>\n","protected":false},"author":2,"featured_media":4553,"comment_status":"closed","ping_status":"closed","sticky":false,"template":"","format":"standard","meta":{"_jetpack_memberships_contains_paid_content":false,"footnotes":""},"categories":[5,1],"tags":[],"class_list":["post-5124","post","type-post","status-publish","format-standard","has-post-thumbnail","hentry","category-informacion-general","category-portada"],"jetpack_featured_media_url":"https:\/\/i0.wp.com\/cdnoticias.com\/wp-content\/uploads\/2020\/10\/Salud-Testeos-Intensivos-T6-CIC-4.jpg?fit=1181%2C787&ssl=1","jetpack_sharing_enabled":true,"_links":{"self":[{"href":"https:\/\/cdnoticias.com\/index.php\/wp-json\/wp\/v2\/posts\/5124","targetHints":{"allow":["GET"]}}],"collection":[{"href":"https:\/\/cdnoticias.com\/index.php\/wp-json\/wp\/v2\/posts"}],"about":[{"href":"https:\/\/cdnoticias.com\/index.php\/wp-json\/wp\/v2\/types\/post"}],"author":[{"embeddable":true,"href":"https:\/\/cdnoticias.com\/index.php\/wp-json\/wp\/v2\/users\/2"}],"replies":[{"embeddable":true,"href":"https:\/\/cdnoticias.com\/index.php\/wp-json\/wp\/v2\/comments?post=5124"}],"version-history":[{"count":0,"href":"https:\/\/cdnoticias.com\/index.php\/wp-json\/wp\/v2\/posts\/5124\/revisions"}],"wp:featuredmedia":[{"embeddable":true,"href":"https:\/\/cdnoticias.com\/index.php\/wp-json\/wp\/v2\/media\/4553"}],"wp:attachment":[{"href":"https:\/\/cdnoticias.com\/index.php\/wp-json\/wp\/v2\/media?parent=5124"}],"wp:term":[{"taxonomy":"category","embeddable":true,"href":"https:\/\/cdnoticias.com\/index.php\/wp-json\/wp\/v2\/categories?post=5124"},{"taxonomy":"post_tag","embeddable":true,"href":"https:\/\/cdnoticias.com\/index.php\/wp-json\/wp\/v2\/tags?post=5124"}],"curies":[{"name":"wp","href":"https:\/\/api.w.org\/{rel}","templated":true}]}}