{"id":51181,"date":"2022-04-08T13:19:00","date_gmt":"2022-04-08T16:19:00","guid":{"rendered":"https:\/\/www.centraldenoticias.com.ar\/?p=51181"},"modified":"2022-04-08T17:17:59","modified_gmt":"2022-04-08T20:17:59","slug":"beneficiarios-de-potenciar-trabajo-haran-mantenimiento-de-un-predio-del-ferrocarril","status":"publish","type":"post","link":"https:\/\/cdnoticias.com\/index.php\/2022\/04\/08\/beneficiarios-de-potenciar-trabajo-haran-mantenimiento-de-un-predio-del-ferrocarril\/","title":{"rendered":"Beneficiarios de Potenciar Trabajo har\u00e1n mantenimiento de un predio del ferrocarril"},"content":{"rendered":"<p>Se anunci\u00f3 este viernes en un acto en el que estuvieron referentes locales de Foro Olavarr\u00eda y autoridades de Potenciar Trabajo Trenes Argentinos Capital Humano. La propuesta involucra a 26 olavarrienses.<!--more--><\/p>\n<hr \/>\n<p><strong>Este viernes se present\u00f3 una nueva etapa del programa Potenciar Trabajo \u2013 Cooperar en un acto en la Sociedad de Fomento Mariano Moreno<\/strong>. Consiste en un proceso de contraprestaci\u00f3n presencial para los 26 beneficiarios del programa: <strong>har\u00e1n el mantenimiento y corte de pasto en un predio no operativo de ferrocarriles que est\u00e1 ubicado en Amparo Castro entre Bol\u00edvar y del Valle.<\/strong><\/p>\n<p>&nbsp;<\/p>\n<p>Para este lanzamiento<strong> lleg\u00f3 a Olavarr\u00eda<a href=\"https:\/\/cdnoticias.com\/index.php\/2022\/04\/08\/tenemos-que-pensar-los-planes-sociales-desde-una-perspectiva-del-siglo-xxi\/\" target=\"_blank\" rel=\"noopener\"> Ezequiel Wanjcer<\/a>, coordinador Nacional de Potenciar Trabajo Cooperar Unidad de Gesti\u00f3n Trenes Argentinos<\/strong> y coordinador de Terminalidad Educativa de las Empresas Trenes Argentinos Capital Humano. Junto a \u00e9l, encabezaron el acto los<strong> referentes pol\u00edticos de Foro Olavarr\u00eda \u2013 Frente Renovador, Eduardo Rodr\u00edguez, In\u00e9s Creimer, Gast\u00f3n Sarachu y Sergio Feoli.<\/strong> \u00a0Asimismo, asistieron los integrantes del equipo de Trabajo T\u00e9cnico y Territorial del Distrito de Olavarr\u00eda, conformado por <strong>Agust\u00edn Alfonzo, Marisa Mart\u00ednez y Micaela Alfonzo<\/strong>.<\/p>\n<p>&nbsp;<\/p>\n<p><img data-recalc-dims=\"1\" loading=\"lazy\" decoding=\"async\" class=\"size-full wp-image-51191 aligncenter\" src=\"https:\/\/i0.wp.com\/cdnoticias.com\/wp-content\/uploads\/2022\/04\/acto-potenciar-trabajo-Eduardo-Rodriguez1.jpg?resize=800%2C445&#038;ssl=1\" alt=\"\" width=\"800\" height=\"445\" srcset=\"https:\/\/i0.wp.com\/cdnoticias.com\/wp-content\/uploads\/2022\/04\/acto-potenciar-trabajo-Eduardo-Rodriguez1.jpg?w=1000&amp;ssl=1 1000w, https:\/\/i0.wp.com\/cdnoticias.com\/wp-content\/uploads\/2022\/04\/acto-potenciar-trabajo-Eduardo-Rodriguez1.jpg?resize=300%2C167&amp;ssl=1 300w, https:\/\/i0.wp.com\/cdnoticias.com\/wp-content\/uploads\/2022\/04\/acto-potenciar-trabajo-Eduardo-Rodriguez1.jpg?resize=768%2C427&amp;ssl=1 768w, https:\/\/i0.wp.com\/cdnoticias.com\/wp-content\/uploads\/2022\/04\/acto-potenciar-trabajo-Eduardo-Rodriguez1.jpg?resize=800%2C445&amp;ssl=1 800w\" sizes=\"auto, (max-width: 800px) 100vw, 800px\" \/><\/p>\n<p>&nbsp;<\/p>\n<p>Tras el anuncio del inicio de la contraprestaci\u00f3n presencial, <strong>se entregaron certificados de cumplimiento de las capacitaciones virtuales del programa Potenciar Trabajo<\/strong> a sus participantes. Varios de ellos se mostraron <strong>muy emocionados, por la continuidad del programa laboral, as\u00ed como por el avance y las posibilidades de capacitaci\u00f3n<\/strong> que se han ofrecido.<\/p>\n<p>&nbsp;<\/p>\n<p>Al cierre del acto, <strong>Central de Noticias<\/strong> habl\u00f3 con<strong> Eduardo Rodr\u00edguez<\/strong> quien coment\u00f3 sobre el inicio de este proceso de contraprestaci\u00f3n presencial. Aclar\u00f3 que <strong>hasta el momento, ese mismo predio de calle Amparo Castro estaba a cargo de la Municipalidad.<\/strong><\/p>\n<p>&nbsp;<\/p>\n<p><img data-recalc-dims=\"1\" loading=\"lazy\" decoding=\"async\" class=\"size-full wp-image-51188 aligncenter\" src=\"https:\/\/i0.wp.com\/cdnoticias.com\/wp-content\/uploads\/2022\/04\/acto-potenciar-trabajo-05.jpg?resize=800%2C445&#038;ssl=1\" alt=\"\" width=\"800\" height=\"445\" srcset=\"https:\/\/i0.wp.com\/cdnoticias.com\/wp-content\/uploads\/2022\/04\/acto-potenciar-trabajo-05.jpg?w=1000&amp;ssl=1 1000w, https:\/\/i0.wp.com\/cdnoticias.com\/wp-content\/uploads\/2022\/04\/acto-potenciar-trabajo-05.jpg?resize=300%2C167&amp;ssl=1 300w, https:\/\/i0.wp.com\/cdnoticias.com\/wp-content\/uploads\/2022\/04\/acto-potenciar-trabajo-05.jpg?resize=768%2C427&amp;ssl=1 768w, https:\/\/i0.wp.com\/cdnoticias.com\/wp-content\/uploads\/2022\/04\/acto-potenciar-trabajo-05.jpg?resize=800%2C445&amp;ssl=1 800w\" sizes=\"auto, (max-width: 800px) 100vw, 800px\" \/><\/p>\n<p>&nbsp;<\/p>\n<p>Indic\u00f3 en ese sentido que ya habl\u00f3 con el intendente Ezequiel Galli y el secretario de Obras P\u00fablicas, Julio Ferraro, \u201chemos acordado que este grupo de trabajo haga de ahora en m\u00e1s el mantenimiento en ese lugar y <strong>la idea es tambi\u00e9n complementarlo con otro proyecto que tiene que ver con un trabajo m\u00e1s comunitario y barrial<\/strong> vinculado la capacitaci\u00f3n de l\u00edderes barriales en deporte y que puedan trabajar con actividades recreativas y deportivas con el barrio Fonavi\u201d.<\/p>\n<p>&nbsp;<\/p>\n<p>Resalt\u00f3 que <strong>son 26 olavarrienses los beneficiarios de Potenciar Trabajo<\/strong>, <em>\u201c10 varones y 16 mujeres que han recibido toda la indumentaria de trabajo m\u00e1s todos los elementos de protecci\u00f3n y seguridad\u201d.<\/em><\/p>\n<p>&nbsp;<\/p>\n<p><img data-recalc-dims=\"1\" loading=\"lazy\" decoding=\"async\" class=\"size-full wp-image-51189 aligncenter\" src=\"https:\/\/i0.wp.com\/cdnoticias.com\/wp-content\/uploads\/2022\/04\/acto-potenciar-trabajo-06.jpg?resize=800%2C445&#038;ssl=1\" alt=\"\" width=\"800\" height=\"445\" srcset=\"https:\/\/i0.wp.com\/cdnoticias.com\/wp-content\/uploads\/2022\/04\/acto-potenciar-trabajo-06.jpg?w=1000&amp;ssl=1 1000w, https:\/\/i0.wp.com\/cdnoticias.com\/wp-content\/uploads\/2022\/04\/acto-potenciar-trabajo-06.jpg?resize=300%2C167&amp;ssl=1 300w, https:\/\/i0.wp.com\/cdnoticias.com\/wp-content\/uploads\/2022\/04\/acto-potenciar-trabajo-06.jpg?resize=768%2C427&amp;ssl=1 768w, https:\/\/i0.wp.com\/cdnoticias.com\/wp-content\/uploads\/2022\/04\/acto-potenciar-trabajo-06.jpg?resize=800%2C445&amp;ssl=1 800w\" sizes=\"auto, (max-width: 800px) 100vw, 800px\" \/><\/p>\n<p>&nbsp;<\/p>\n<p>A\u00f1adi\u00f3 que tambi\u00e9n <strong>todas las herramientas son provistas para el desarrollo de la tarea<\/strong>:<em> \u201cdesmalezadoras, carretillas, escobillones, palas, bidones de combustible. Todo lo necesario para hacer el corte y mantenimiento en ese sector\u201d<\/em> indic\u00f3. Los elementos estaban tambi\u00e9n en el lugar del acto.<\/p>\n<p>&nbsp;<\/p>\n<p>Acerca de la <strong>entrega de certificados<\/strong>, Rodr\u00edguez explic\u00f3 que se correspondieron a las capacitaciones virtuales que los asistentes han realizado.<strong> \u201cSon cursos que preparan a la persona para el mundo laboral.<\/strong> Algunos han recibido uno, otros dos y otros tres certificados. Eso se hace desde la plataforma de Trenes Argentinos Capital Humano\u201d inform\u00f3.<\/p>\n<p>&nbsp;<\/p>\n<p><img data-recalc-dims=\"1\" loading=\"lazy\" decoding=\"async\" class=\"size-full wp-image-51185 aligncenter\" src=\"https:\/\/i0.wp.com\/cdnoticias.com\/wp-content\/uploads\/2022\/04\/acto-potenciar-trabajo-02.jpg?resize=800%2C445&#038;ssl=1\" alt=\"\" width=\"800\" height=\"445\" srcset=\"https:\/\/i0.wp.com\/cdnoticias.com\/wp-content\/uploads\/2022\/04\/acto-potenciar-trabajo-02.jpg?w=967&amp;ssl=1 967w, https:\/\/i0.wp.com\/cdnoticias.com\/wp-content\/uploads\/2022\/04\/acto-potenciar-trabajo-02.jpg?resize=300%2C167&amp;ssl=1 300w, https:\/\/i0.wp.com\/cdnoticias.com\/wp-content\/uploads\/2022\/04\/acto-potenciar-trabajo-02.jpg?resize=768%2C427&amp;ssl=1 768w, https:\/\/i0.wp.com\/cdnoticias.com\/wp-content\/uploads\/2022\/04\/acto-potenciar-trabajo-02.jpg?resize=800%2C445&amp;ssl=1 800w\" sizes=\"auto, (max-width: 800px) 100vw, 800px\" \/><\/p>\n<p>&nbsp;<\/p>\n<p>Actualmente, esos programas est\u00e1n<strong> en v\u00edas de convertirse a la presencialidad<\/strong> tambi\u00e9n en el mundo del trabajo.<\/p>\n<p>&nbsp;<\/p>\n<blockquote><p>\u201cEs un programa genial\u201d se entusiasm\u00f3 el l\u00edder del massismo en Olavarr\u00eda ante la consulta por la diversidad etaria de los beneficiarios. Cont\u00f3 que \u201chay dos personas que est\u00e1n haciendo terminalidad educativa, contraprestaciones que se requieren. Hay personas que han pasado los 50 a\u00f1os y est\u00e1n terminando el secundario. Es una emoci\u00f3n muy fuerte. Hay gente que ha tenido que aprender herramientas virtuales de c\u00f3mo trabajar desde su celular o una computadora, y en algunos casos hemos tenido que resolver el acceso a datos con nuestra sede, en la casa Eduardo Chino Correa. All\u00ed hay otro de los problemas que uno ve, la desigualdad en el acceso\u201d.<\/p><\/blockquote>\n<p>&nbsp;<\/p>\n<p><img data-recalc-dims=\"1\" loading=\"lazy\" decoding=\"async\" class=\"size-large wp-image-51186 aligncenter\" src=\"https:\/\/i0.wp.com\/cdnoticias.com\/wp-content\/uploads\/2022\/04\/acto-potenciar-trabajo-03.jpg?resize=800%2C445&#038;ssl=1\" alt=\"\" width=\"800\" height=\"445\" srcset=\"https:\/\/i0.wp.com\/cdnoticias.com\/wp-content\/uploads\/2022\/04\/acto-potenciar-trabajo-03.jpg?resize=1024%2C570&amp;ssl=1 1024w, https:\/\/i0.wp.com\/cdnoticias.com\/wp-content\/uploads\/2022\/04\/acto-potenciar-trabajo-03.jpg?resize=300%2C167&amp;ssl=1 300w, https:\/\/i0.wp.com\/cdnoticias.com\/wp-content\/uploads\/2022\/04\/acto-potenciar-trabajo-03.jpg?resize=768%2C427&amp;ssl=1 768w, https:\/\/i0.wp.com\/cdnoticias.com\/wp-content\/uploads\/2022\/04\/acto-potenciar-trabajo-03.jpg?resize=800%2C445&amp;ssl=1 800w, https:\/\/i0.wp.com\/cdnoticias.com\/wp-content\/uploads\/2022\/04\/acto-potenciar-trabajo-03.jpg?w=1028&amp;ssl=1 1028w\" sizes=\"auto, (max-width: 800px) 100vw, 800px\" \/><\/p>\n<p>&nbsp;<\/p>\n<p><strong>Conectividad<\/strong><\/p>\n<p>&nbsp;<\/p>\n<p>En materia de conectividad y acceso a la tecnolog\u00eda, <strong>Eduardo Rodr\u00edguez dio a conocer que se reuni\u00f3 con Javier Forlenza, director nacional de Atenci\u00f3n a Usuarios y Delegaciones del Ente Nacional de Comunicaciones (ENACOM).\u00a0<\/strong>Se habl\u00f3 sobre la posibilidad de implementar en Olavarr\u00eda proyectos de<strong> extensi\u00f3n y mejora de la infraestructura de redes para la prestaci\u00f3n del Servicio Fijo de Acceso a Internet de Banda Ancha<\/strong> en \u00e1reas con necesidades insatisfechas.<\/p>\n<p>&nbsp;<\/p>\n<p>\u201cENACOM tiene dos proyectos puntuales que nos interesan. Uno es el <strong>programa Conectando con Vos<\/strong>, un poco la reedici\u00f3n de Conectar Igualdad. Hemos hablado con los funcionarios para poder hacer una entrega de tablets en Olavarr\u00eda obviamente a aquellas personas que cumplen con los requisitos\u201d explic\u00f3 el dirigente de Frente Renovador a Central de Noticias.<\/p>\n<p>&nbsp;<\/p>\n<p><img data-recalc-dims=\"1\" loading=\"lazy\" decoding=\"async\" class=\"size-full wp-image-51193 aligncenter\" src=\"https:\/\/i0.wp.com\/cdnoticias.com\/wp-content\/uploads\/2022\/04\/eduardo-Rodriguez-ENACOM.jpg?resize=800%2C500&#038;ssl=1\" alt=\"\" width=\"800\" height=\"500\" srcset=\"https:\/\/i0.wp.com\/cdnoticias.com\/wp-content\/uploads\/2022\/04\/eduardo-Rodriguez-ENACOM.jpg?w=800&amp;ssl=1 800w, https:\/\/i0.wp.com\/cdnoticias.com\/wp-content\/uploads\/2022\/04\/eduardo-Rodriguez-ENACOM.jpg?resize=300%2C188&amp;ssl=1 300w, https:\/\/i0.wp.com\/cdnoticias.com\/wp-content\/uploads\/2022\/04\/eduardo-Rodriguez-ENACOM.jpg?resize=768%2C480&amp;ssl=1 768w\" sizes=\"auto, (max-width: 800px) 100vw, 800px\" \/><\/p>\n<p>&nbsp;<\/p>\n<p>La segunda iniciativa sobre la que mostr\u00f3 inter\u00e9s es<strong> \u201cun proyecto de ENACOM para localidades de menos de 30.000 habitantes para construir e instalar fibra \u00f3ptica<\/strong> que permita un internet de mejor calidad. Estamos viendo si podemos desarrollar al menos uno de esos proyectos en alguna de las localidades de Olavarr\u00eda\u201d adelant\u00f3 Rodr\u00edguez.<\/p>\n<p>&nbsp;<\/p>\n<p>Para su implementaci\u00f3n se requiere de una cooperativa que pueda recibir el financiamiento del Gobierno Nacional para ejecutar la obra del tendido de fibra \u00f3ptica, el cual despu\u00e9s se vincula con los prestadores.<\/p>\n","protected":false},"excerpt":{"rendered":"<p>Se anunci\u00f3 este viernes en un acto en el que estuvieron referentes locales de Foro Olavarr\u00eda y autoridades de Potenciar<\/p>\n","protected":false},"author":4,"featured_media":51184,"comment_status":"closed","ping_status":"closed","sticky":false,"template":"","format":"standard","meta":{"_jetpack_memberships_contains_paid_content":false,"footnotes":""},"categories":[5,1],"tags":[],"class_list":["post-51181","post","type-post","status-publish","format-standard","has-post-thumbnail","hentry","category-informacion-general","category-portada"],"jetpack_featured_media_url":"https:\/\/i0.wp.com\/cdnoticias.com\/wp-content\/uploads\/2022\/04\/acto-potenciar-trabajo-01.jpg?fit=1000%2C556&ssl=1","jetpack_sharing_enabled":true,"_links":{"self":[{"href":"https:\/\/cdnoticias.com\/index.php\/wp-json\/wp\/v2\/posts\/51181","targetHints":{"allow":["GET"]}}],"collection":[{"href":"https:\/\/cdnoticias.com\/index.php\/wp-json\/wp\/v2\/posts"}],"about":[{"href":"https:\/\/cdnoticias.com\/index.php\/wp-json\/wp\/v2\/types\/post"}],"author":[{"embeddable":true,"href":"https:\/\/cdnoticias.com\/index.php\/wp-json\/wp\/v2\/users\/4"}],"replies":[{"embeddable":true,"href":"https:\/\/cdnoticias.com\/index.php\/wp-json\/wp\/v2\/comments?post=51181"}],"version-history":[{"count":0,"href":"https:\/\/cdnoticias.com\/index.php\/wp-json\/wp\/v2\/posts\/51181\/revisions"}],"wp:featuredmedia":[{"embeddable":true,"href":"https:\/\/cdnoticias.com\/index.php\/wp-json\/wp\/v2\/media\/51184"}],"wp:attachment":[{"href":"https:\/\/cdnoticias.com\/index.php\/wp-json\/wp\/v2\/media?parent=51181"}],"wp:term":[{"taxonomy":"category","embeddable":true,"href":"https:\/\/cdnoticias.com\/index.php\/wp-json\/wp\/v2\/categories?post=51181"},{"taxonomy":"post_tag","embeddable":true,"href":"https:\/\/cdnoticias.com\/index.php\/wp-json\/wp\/v2\/tags?post=51181"}],"curies":[{"name":"wp","href":"https:\/\/api.w.org\/{rel}","templated":true}]}}