{"id":51146,"date":"2022-04-08T11:53:25","date_gmt":"2022-04-08T14:53:25","guid":{"rendered":"https:\/\/www.centraldenoticias.com.ar\/?p=51146"},"modified":"2022-04-08T11:53:25","modified_gmt":"2022-04-08T14:53:25","slug":"este-viernes-facundo-manes-estara-en-olavarria","status":"publish","type":"post","link":"https:\/\/cdnoticias.com\/index.php\/2022\/04\/08\/este-viernes-facundo-manes-estara-en-olavarria\/","title":{"rendered":"Este viernes Facundo Manes estar\u00e1 en Olavarr\u00eda"},"content":{"rendered":"<p>Desde las 20 brindar\u00e1 una charla en el Teatro Municipal. La actividad es organizada por el Centro de Formaci\u00f3n Laboral Madre Teresa de Calcuta.<!--more--><\/p>\n<hr \/>\n<p>El neur\u00f3logo y diputado nacional por la provincia de Buenos Aires Facundo Manes <strong>visitar\u00e1 nuevamente Olavarr\u00eda<\/strong>, luego de haberlo hecho meses atr\u00e1s en el marco de la campa\u00f1a de cara a las elecciones legislativas.<\/p>\n<p>&nbsp;<\/p>\n<p>Brindar\u00e1 una charla bajo el lema \u201cLa revoluci\u00f3n del conocimiento como nuevo motor de la Argentina\u201d. <strong>Ser\u00e1 este viernes, desde las 20 en el Teatro Municipal.<\/strong><\/p>\n<p>&nbsp;<\/p>\n<p><img data-recalc-dims=\"1\" loading=\"lazy\" decoding=\"async\" class=\"aligncenter size-full wp-image-50088\" src=\"https:\/\/i0.wp.com\/cdnoticias.com\/wp-content\/uploads\/2022\/03\/Facundo-Manes.jpg?resize=800%2C445&#038;ssl=1\" alt=\"\" width=\"800\" height=\"445\" srcset=\"https:\/\/i0.wp.com\/cdnoticias.com\/wp-content\/uploads\/2022\/03\/Facundo-Manes.jpg?w=800&amp;ssl=1 800w, https:\/\/i0.wp.com\/cdnoticias.com\/wp-content\/uploads\/2022\/03\/Facundo-Manes.jpg?resize=300%2C167&amp;ssl=1 300w, https:\/\/i0.wp.com\/cdnoticias.com\/wp-content\/uploads\/2022\/03\/Facundo-Manes.jpg?resize=768%2C427&amp;ssl=1 768w\" sizes=\"auto, (max-width: 800px) 100vw, 800px\" \/><\/p>\n<p>&nbsp;<\/p>\n<p>El evento es organizado por el <strong>Centro de Formaci\u00f3n Laboral Madre Teresa de Calcut<\/strong>a y su llegada est\u00e1 vinculada con su labor docente e intelectual, y no con cuestiones partidarias.<\/p>\n<p>&nbsp;<\/p>\n<p>Para participar de la actividad es necesario inscribirse ingresando al siguiente formulario:<a href=\"https:\/\/bit.ly\/38blvKZ\" target=\"_blank\" rel=\"noopener\"> https:\/\/bit.ly\/38blvKZ<\/a><\/p>\n","protected":false},"excerpt":{"rendered":"<p>Desde las 20 brindar\u00e1 una charla en el Teatro Municipal. La actividad es organizada por el Centro de Formaci\u00f3n Laboral<\/p>\n","protected":false},"author":5,"featured_media":37826,"comment_status":"closed","ping_status":"closed","sticky":false,"template":"","format":"standard","meta":{"_jetpack_memberships_contains_paid_content":false,"footnotes":""},"categories":[5,1],"tags":[],"class_list":["post-51146","post","type-post","status-publish","format-standard","has-post-thumbnail","hentry","category-informacion-general","category-portada"],"jetpack_featured_media_url":"https:\/\/i0.wp.com\/cdnoticias.com\/wp-content\/uploads\/2021\/11\/Manes04.jpg?fit=800%2C445&ssl=1","jetpack_sharing_enabled":true,"_links":{"self":[{"href":"https:\/\/cdnoticias.com\/index.php\/wp-json\/wp\/v2\/posts\/51146","targetHints":{"allow":["GET"]}}],"collection":[{"href":"https:\/\/cdnoticias.com\/index.php\/wp-json\/wp\/v2\/posts"}],"about":[{"href":"https:\/\/cdnoticias.com\/index.php\/wp-json\/wp\/v2\/types\/post"}],"author":[{"embeddable":true,"href":"https:\/\/cdnoticias.com\/index.php\/wp-json\/wp\/v2\/users\/5"}],"replies":[{"embeddable":true,"href":"https:\/\/cdnoticias.com\/index.php\/wp-json\/wp\/v2\/comments?post=51146"}],"version-history":[{"count":0,"href":"https:\/\/cdnoticias.com\/index.php\/wp-json\/wp\/v2\/posts\/51146\/revisions"}],"wp:featuredmedia":[{"embeddable":true,"href":"https:\/\/cdnoticias.com\/index.php\/wp-json\/wp\/v2\/media\/37826"}],"wp:attachment":[{"href":"https:\/\/cdnoticias.com\/index.php\/wp-json\/wp\/v2\/media?parent=51146"}],"wp:term":[{"taxonomy":"category","embeddable":true,"href":"https:\/\/cdnoticias.com\/index.php\/wp-json\/wp\/v2\/categories?post=51146"},{"taxonomy":"post_tag","embeddable":true,"href":"https:\/\/cdnoticias.com\/index.php\/wp-json\/wp\/v2\/tags?post=51146"}],"curies":[{"name":"wp","href":"https:\/\/api.w.org\/{rel}","templated":true}]}}