{"id":51144,"date":"2022-04-08T08:24:43","date_gmt":"2022-04-08T11:24:43","guid":{"rendered":"https:\/\/www.centraldenoticias.com.ar\/?p=51144"},"modified":"2022-04-08T11:20:24","modified_gmt":"2022-04-08T14:20:24","slug":"finalmente-fue-identificado-el-hombre-que-fallecio-tras-caer-al-arroyo","status":"publish","type":"post","link":"https:\/\/cdnoticias.com\/index.php\/2022\/04\/08\/finalmente-fue-identificado-el-hombre-que-fallecio-tras-caer-al-arroyo\/","title":{"rendered":"Finalmente, fue identificado el hombre que falleci\u00f3 tras caer al arroyo"},"content":{"rendered":"<p>Cerca de la medianoche del jueves los investigadores lograron confirmar qui\u00e9n era el hombre que hab\u00eda ca\u00eddo desde el puente peatonal de calle Hornos.<!--more--><\/p>\n<hr \/>\n<p><strong>Los investigadores lograron establecer la identidad del hombre que hab\u00eda ca\u00eddo al arroyo Tapalqu\u00e9<\/strong> poco antes de las 16 del jueves y que falleci\u00f3 cuando era trasladado al Hospital Municipal.<\/p>\n<p>&nbsp;<\/p>\n<blockquote><p>Cerca de la medianoche reci\u00e9n se pudo conocer de qui\u00e9n se trataba: fue identificado como Omar N\u00e9stor Krohn, de 74 a\u00f1os.<\/p><\/blockquote>\n<p>&nbsp;<\/p>\n<p>De hecho, desde las autoridades policiales <strong>se hab\u00eda dado a conocer una descripci\u00f3n f\u00edsica del hombre, de su vestimenta y sus principales caracter\u00edsticas, para avanzar en la b\u00fasqueda<\/strong> dado que hab\u00edan pasado m\u00e1s de siete horas desde el fallecimiento y a\u00fan no se hab\u00eda logrado conocer de qui\u00e9n se trataba.<\/p>\n<p>&nbsp;<\/p>\n<p>El hombre <strong>no llevaba documentaci\u00f3n personal<\/strong>, ni tampoco se hab\u00eda denunciado ninguna desaparici\u00f3n.<\/p>\n<p>&nbsp;<\/p>\n<p><img data-recalc-dims=\"1\" loading=\"lazy\" decoding=\"async\" class=\"size-large wp-image-51089 aligncenter\" src=\"https:\/\/i0.wp.com\/cdnoticias.com\/wp-content\/uploads\/2022\/04\/WhatsApp-Image-2022-04-07-at-5.17.48-PM-1.jpeg?resize=800%2C600&#038;ssl=1\" alt=\"\" width=\"800\" height=\"600\" srcset=\"https:\/\/i0.wp.com\/cdnoticias.com\/wp-content\/uploads\/2022\/04\/WhatsApp-Image-2022-04-07-at-5.17.48-PM-1.jpeg?resize=1024%2C768&amp;ssl=1 1024w, https:\/\/i0.wp.com\/cdnoticias.com\/wp-content\/uploads\/2022\/04\/WhatsApp-Image-2022-04-07-at-5.17.48-PM-1.jpeg?resize=300%2C225&amp;ssl=1 300w, https:\/\/i0.wp.com\/cdnoticias.com\/wp-content\/uploads\/2022\/04\/WhatsApp-Image-2022-04-07-at-5.17.48-PM-1.jpeg?resize=768%2C576&amp;ssl=1 768w, https:\/\/i0.wp.com\/cdnoticias.com\/wp-content\/uploads\/2022\/04\/WhatsApp-Image-2022-04-07-at-5.17.48-PM-1.jpeg?w=1152&amp;ssl=1 1152w\" sizes=\"auto, (max-width: 800px) 100vw, 800px\" \/><\/p>\n<p>&nbsp;<\/p>\n<p>Por estas horas <strong>se aguarda la realizaci\u00f3n de la operaci\u00f3n de autopsia<\/strong> a fin de que se determinen con precisi\u00f3n las causas de muerte.<\/p>\n<p>&nbsp;<\/p>\n<p>Cabe recordar que <a href=\"https:\/\/cdnoticias.com\/index.php\/2022\/04\/07\/un-hombre-murio-tras-caer-del-puente-de-calle-hornos\/\" target=\"_blank\" rel=\"noopener\">el hombre cay\u00f3 al arroyo desde el puente peatonal \u201cFlorentina G\u00f3mez Miranda\u201d<\/a>, de calle Hornos. Testigos ocasionales advirtieron lo sucedido y dieron aviso al polic\u00eda. <strong>Efectivos policiales que llegaron a la escena lograron sacarlo del agua<\/strong> y de forma inmediata recibi\u00f3 asistencia m\u00e9dica. Fue trasladado en una ambulancia aunque <strong>camino al Hospital se constat\u00f3 su deceso<\/strong>.<\/p>\n<p>&nbsp;<\/p>\n<p>Las averiguaciones est\u00e1n caratuladas<strong> \u201caveriguaci\u00f3n de causales de muerte\u201d<\/strong> y quedaron a cargo del fiscal Christian Url\u00e9zaga.<\/p>\n<p>&nbsp;<\/p>\n","protected":false},"excerpt":{"rendered":"<p>Cerca de la medianoche del jueves los investigadores lograron confirmar qui\u00e9n era el hombre que hab\u00eda ca\u00eddo desde el puente<\/p>\n","protected":false},"author":4,"featured_media":51090,"comment_status":"closed","ping_status":"closed","sticky":false,"template":"","format":"standard","meta":{"_jetpack_memberships_contains_paid_content":false,"footnotes":""},"categories":[14,1],"tags":[],"class_list":["post-51144","post","type-post","status-publish","format-standard","has-post-thumbnail","hentry","category-policiales","category-portada"],"jetpack_featured_media_url":"https:\/\/i0.wp.com\/cdnoticias.com\/wp-content\/uploads\/2022\/04\/WhatsApp-Image-2022-04-07-at-5.17.48-PM.jpeg?fit=1152%2C864&ssl=1","jetpack_sharing_enabled":true,"_links":{"self":[{"href":"https:\/\/cdnoticias.com\/index.php\/wp-json\/wp\/v2\/posts\/51144","targetHints":{"allow":["GET"]}}],"collection":[{"href":"https:\/\/cdnoticias.com\/index.php\/wp-json\/wp\/v2\/posts"}],"about":[{"href":"https:\/\/cdnoticias.com\/index.php\/wp-json\/wp\/v2\/types\/post"}],"author":[{"embeddable":true,"href":"https:\/\/cdnoticias.com\/index.php\/wp-json\/wp\/v2\/users\/4"}],"replies":[{"embeddable":true,"href":"https:\/\/cdnoticias.com\/index.php\/wp-json\/wp\/v2\/comments?post=51144"}],"version-history":[{"count":0,"href":"https:\/\/cdnoticias.com\/index.php\/wp-json\/wp\/v2\/posts\/51144\/revisions"}],"wp:featuredmedia":[{"embeddable":true,"href":"https:\/\/cdnoticias.com\/index.php\/wp-json\/wp\/v2\/media\/51090"}],"wp:attachment":[{"href":"https:\/\/cdnoticias.com\/index.php\/wp-json\/wp\/v2\/media?parent=51144"}],"wp:term":[{"taxonomy":"category","embeddable":true,"href":"https:\/\/cdnoticias.com\/index.php\/wp-json\/wp\/v2\/categories?post=51144"},{"taxonomy":"post_tag","embeddable":true,"href":"https:\/\/cdnoticias.com\/index.php\/wp-json\/wp\/v2\/tags?post=51144"}],"curies":[{"name":"wp","href":"https:\/\/api.w.org\/{rel}","templated":true}]}}