{"id":51072,"date":"2022-04-07T13:22:33","date_gmt":"2022-04-07T16:22:33","guid":{"rendered":"https:\/\/www.centraldenoticias.com.ar\/?p=51072"},"modified":"2022-04-07T15:57:32","modified_gmt":"2022-04-07T18:57:32","slug":"tu-bus-solicito-al-hcd-un-aumento-de-boleto-de-13445","status":"publish","type":"post","link":"https:\/\/cdnoticias.com\/index.php\/2022\/04\/07\/tu-bus-solicito-al-hcd-un-aumento-de-boleto-de-13445\/","title":{"rendered":"Tu Bus solicit\u00f3 al HCD un aumento de boleto de 134,45%"},"content":{"rendered":"<p>El pedido se basa en los aumentos de costos que la empresa tuvo entre febrero de 2020 y marzo de este a\u00f1o. Proponen que el boleto \u00fanico pase a 77,84 pesos.<!--more--><\/p>\n<hr \/>\n<p><strong>La empresa Botacura SRL, que presta el servicio de transporte p\u00fablico urbano en Olavarr\u00eda, present\u00f3 un pedido de aumento tarifario al Concejo Deliberante<\/strong> de Olavarr\u00eda. La nota que lleg\u00f3 al Legislativo esta semana plantea un incremento superior al 100%.<\/p>\n<p>&nbsp;<\/p>\n<p><strong>Central de Noticias<\/strong> pudo saber que, con la firma del gerente de la empresa Walter Gernetti, el HCD recibi\u00f3 el proyecto en el que se cita el contenido del pliego de concesi\u00f3n para exponer en detalle <strong>los argumentos que llevaron a considerar a la empresa una solicitud de 134,45% de suba tarifaria<\/strong>.<\/p>\n<p>&nbsp;<\/p>\n<blockquote><p>Con este planteo, el boleto \u00fanico que actualmente se ubica en 33,20 pesos pasar\u00eda a costar 77,84 pesos. El valor que hoy tiene la tarifa se fij\u00f3 en diciembre de 2019, cuando se aprob\u00f3 el \u00faltimo aumento por decreto del Ejecutivo municipal.<\/p><\/blockquote>\n<p>&nbsp;<\/p>\n<p>En el pedido presentado se toma en cuenta que <strong>en el pliego de concesi\u00f3n se contempla la posibilidad de solicitar \u201cactualizaci\u00f3n de la tarifa\u201d<\/strong> en el caso de que \u201cse hubiese producido una variaci\u00f3n global en los costos sobre la base de la Estructura de Costos presentada en la oferta y tomando valores oficialmente reconocidos\u201d.<\/p>\n<p>&nbsp;<\/p>\n<p><img data-recalc-dims=\"1\" loading=\"lazy\" decoding=\"async\" class=\"size-full wp-image-51078 aligncenter\" src=\"https:\/\/i0.wp.com\/cdnoticias.com\/wp-content\/uploads\/2022\/04\/colectivo-boleto-tu-bus-2.jpg?resize=800%2C445&#038;ssl=1\" alt=\"\" width=\"800\" height=\"445\" srcset=\"https:\/\/i0.wp.com\/cdnoticias.com\/wp-content\/uploads\/2022\/04\/colectivo-boleto-tu-bus-2.jpg?w=800&amp;ssl=1 800w, https:\/\/i0.wp.com\/cdnoticias.com\/wp-content\/uploads\/2022\/04\/colectivo-boleto-tu-bus-2.jpg?resize=300%2C167&amp;ssl=1 300w, https:\/\/i0.wp.com\/cdnoticias.com\/wp-content\/uploads\/2022\/04\/colectivo-boleto-tu-bus-2.jpg?resize=768%2C427&amp;ssl=1 768w\" sizes=\"auto, (max-width: 800px) 100vw, 800px\" \/><\/p>\n<p>&nbsp;<\/p>\n<p>En ese sentido, la empresa detall\u00f3 las <strong>variaciones de costos<\/strong> que tuvo el servicio entre febrero de 2020 y marzo de 2022.<\/p>\n<p>&nbsp;<\/p>\n<p>Se expuso que el costo de <strong>mano de obra aument\u00f3 alrededor de 166%<\/strong> en ese periodo y el <strong>combustible subi\u00f3 m\u00e1s de 112%<\/strong>. Se cit\u00f3 tambi\u00e9n la <strong>inflaci\u00f3n<\/strong> medida por el Indec para el lapso de 25 meses que lleg\u00f3 a casi 130% y la suba del <strong>d\u00f3lar<\/strong> de 81%. Adem\u00e1s, se detall\u00f3 la <strong>proporci\u00f3n de incidencia de cada uno de estos \u00edtems en la estructura<\/strong> de costos, siendo la mayor la de mano de obra.<\/p>\n<p>&nbsp;<\/p>\n<p>En la nota la empresa dej\u00f3 en claro que hasta el momento ha \u201cabsorbido\u201d dichos aumentos de costo y record\u00f3 que <strong>la \u00faltima suba de boleto comenz\u00f3 a regir en marzo de 2020<\/strong>.<\/p>\n<p>&nbsp;<\/p>\n<p>Este tema <strong>tomar\u00e1 estado parlamentario en la pr\u00f3xima sesi\u00f3n del Concejo Deliberante<\/strong>, <a href=\"https:\/\/cdnoticias.com\/index.php\/2022\/03\/30\/la-proxima-sesion-ordinaria-del-hcd-sera-el-miercoles-13-de-abril\/\" target=\"_blank\" rel=\"noopener\">fijada para el mi\u00e9rcoles<\/a>, y all\u00ed se derivar\u00e1 a su estudio en comisiones.<\/p>\n","protected":false},"excerpt":{"rendered":"<p>El pedido se basa en los aumentos de costos que la empresa tuvo entre febrero de 2020 y marzo de<\/p>\n","protected":false},"author":4,"featured_media":51080,"comment_status":"closed","ping_status":"closed","sticky":false,"template":"","format":"standard","meta":{"_jetpack_memberships_contains_paid_content":false,"footnotes":""},"categories":[4,1],"tags":[],"class_list":["post-51072","post","type-post","status-publish","format-standard","has-post-thumbnail","hentry","category-politica","category-portada"],"jetpack_featured_media_url":"https:\/\/i0.wp.com\/cdnoticias.com\/wp-content\/uploads\/2022\/04\/colectivo-boleto-tu-bus-4.jpg?fit=800%2C445&ssl=1","jetpack_sharing_enabled":true,"_links":{"self":[{"href":"https:\/\/cdnoticias.com\/index.php\/wp-json\/wp\/v2\/posts\/51072","targetHints":{"allow":["GET"]}}],"collection":[{"href":"https:\/\/cdnoticias.com\/index.php\/wp-json\/wp\/v2\/posts"}],"about":[{"href":"https:\/\/cdnoticias.com\/index.php\/wp-json\/wp\/v2\/types\/post"}],"author":[{"embeddable":true,"href":"https:\/\/cdnoticias.com\/index.php\/wp-json\/wp\/v2\/users\/4"}],"replies":[{"embeddable":true,"href":"https:\/\/cdnoticias.com\/index.php\/wp-json\/wp\/v2\/comments?post=51072"}],"version-history":[{"count":0,"href":"https:\/\/cdnoticias.com\/index.php\/wp-json\/wp\/v2\/posts\/51072\/revisions"}],"wp:featuredmedia":[{"embeddable":true,"href":"https:\/\/cdnoticias.com\/index.php\/wp-json\/wp\/v2\/media\/51080"}],"wp:attachment":[{"href":"https:\/\/cdnoticias.com\/index.php\/wp-json\/wp\/v2\/media?parent=51072"}],"wp:term":[{"taxonomy":"category","embeddable":true,"href":"https:\/\/cdnoticias.com\/index.php\/wp-json\/wp\/v2\/categories?post=51072"},{"taxonomy":"post_tag","embeddable":true,"href":"https:\/\/cdnoticias.com\/index.php\/wp-json\/wp\/v2\/tags?post=51072"}],"curies":[{"name":"wp","href":"https:\/\/api.w.org\/{rel}","templated":true}]}}