{"id":5106,"date":"2020-10-28T18:03:47","date_gmt":"2020-10-28T21:03:47","guid":{"rendered":"http:\/\/www.centraldenoticias.com.ar\/?p=5106"},"modified":"2020-10-28T18:46:10","modified_gmt":"2020-10-28T21:46:10","slug":"rabinovich-y-el-comercio-el-eje-esta-puesto-en-abrir-lo-mas-rapido-posible","status":"publish","type":"post","link":"https:\/\/cdnoticias.com\/index.php\/2020\/10\/28\/rabinovich-y-el-comercio-el-eje-esta-puesto-en-abrir-lo-mas-rapido-posible\/","title":{"rendered":"Rabinovich y el comercio: \u201cEl eje est\u00e1 puesto en abrir lo m\u00e1s r\u00e1pido posible\u201d"},"content":{"rendered":"<p>El subsecretario de Comercio bonaerense se\u00f1al\u00f3 que \u201csiempre y cuando la situaci\u00f3n sanitaria\u201d lo determine, la intenci\u00f3n es reactivar lo m\u00e1s r\u00e1pido posible todo el sector comercial de la Provincia.<!--more--><\/p>\n<hr \/>\n<p>En la<a href=\"https:\/\/cdnoticias.com\/index.php\/2020\/10\/28\/bembi-desde-julio-la-caida-comenzo-a-desacelerarse\/\" target=\"_blank\" rel=\"noopener\"> recorrida de funcionarios provinciales por empresas locales<\/a>,<strong> el subsecretario de Comercio Guillermo Rabinovich dio su parecer al complejo momento que atraviesa el sector en todo el territorio bonaerense<\/strong>. Quit\u00f3 a los \u201csectores esenciales\u201d y explic\u00f3 la complicaci\u00f3n m\u00e1s importante: m\u00e1s all\u00e1 de estar abiertos, hay baja demanda.<\/p>\n<p>&nbsp;<\/p>\n<p>Indic\u00f3 que <em>\u201cdesde el inicio de la pandemia hay sectores que quedaron completamente abiertos, que no sufrieron impacto m\u00e1s all\u00e1 de la baja de la demanda como lo son los rubros esenciales\u201d<\/em>. En este sentido, valor\u00f3 que <strong><em>\u201cpor suerte logramos una apertura bastante r\u00e1pida de muchos otros sectores\u201d.<\/em><\/strong><\/p>\n<p>&nbsp;<\/p>\n<p><img data-recalc-dims=\"1\" loading=\"lazy\" decoding=\"async\" class=\"alignnone size-full wp-image-5109\" src=\"https:\/\/i0.wp.com\/cdnoticias.com\/wp-content\/uploads\/2020\/10\/aguilera-bembi-rabinovich3.jpg?resize=800%2C533&#038;ssl=1\" alt=\"\" width=\"800\" height=\"533\" srcset=\"https:\/\/i0.wp.com\/cdnoticias.com\/wp-content\/uploads\/2020\/10\/aguilera-bembi-rabinovich3.jpg?w=4608&amp;ssl=1 4608w, https:\/\/i0.wp.com\/cdnoticias.com\/wp-content\/uploads\/2020\/10\/aguilera-bembi-rabinovich3.jpg?resize=300%2C200&amp;ssl=1 300w, https:\/\/i0.wp.com\/cdnoticias.com\/wp-content\/uploads\/2020\/10\/aguilera-bembi-rabinovich3.jpg?resize=768%2C512&amp;ssl=1 768w, https:\/\/i0.wp.com\/cdnoticias.com\/wp-content\/uploads\/2020\/10\/aguilera-bembi-rabinovich3.jpg?resize=1024%2C683&amp;ssl=1 1024w, https:\/\/i0.wp.com\/cdnoticias.com\/wp-content\/uploads\/2020\/10\/aguilera-bembi-rabinovich3.jpg?resize=272%2C182&amp;ssl=1 272w, https:\/\/i0.wp.com\/cdnoticias.com\/wp-content\/uploads\/2020\/10\/aguilera-bembi-rabinovich3.jpg?w=1600&amp;ssl=1 1600w, https:\/\/i0.wp.com\/cdnoticias.com\/wp-content\/uploads\/2020\/10\/aguilera-bembi-rabinovich3.jpg?w=2400&amp;ssl=1 2400w\" sizes=\"auto, (max-width: 800px) 100vw, 800px\" \/><\/p>\n<p>&nbsp;<\/p>\n<blockquote><p>\u201cHoy, m\u00e1s del 95% de la industria est\u00e1 funcionando casi con total normalidad y en el caso del comercio hay pocos comercios que est\u00e1n afectados, por lo cual desde la Provincia trabajamos de forma r\u00e1pida para recuperar la apertura. Tambi\u00e9n estamos preocupados y prestando mucha atenci\u00f3n con la demanda de los sectores: m\u00e1s all\u00e1 de la apertura hay una situaci\u00f3n dif\u00edcil. El eje est\u00e1 puesto en abrir lo m\u00e1s r\u00e1pido posible siempre y cuando la situaci\u00f3n sanitaria as\u00ed lo determine\u201d.<\/p><\/blockquote>\n<p>&nbsp;<\/p>\n<p>Desdobl\u00f3, ante la consulta, la situaci\u00f3n del desabastecimiento de alimentos y la construcci\u00f3n. <em>\u201c<strong>En el sector de la alimentaci\u00f3n no vemos problemas<\/strong>, si uno va al supermercado no ve faltantes. Estamos en permanente contacto con las principales c\u00e1maras de supermercado del pa\u00eds y proveedores, y no nos manifiestan eso\u201d<\/em>. En contrapartida, <em>\u201c<strong>s\u00ed lo vemos en la construcci\u00f3n<\/strong>, que tiene varias cuestiones a analizar y justifican esta situaci\u00f3n. Se reinici\u00f3 la actividad, lo mismo con la obra p\u00fablica, y nos contaban lo mismo en la recorrida con las empresas: hay una enorme demanda contenida por los meses que estuvieron cerradas y hoy se est\u00e1 reactivando\u201d.<\/em><\/p>\n<p>&nbsp;<\/p>\n<p><img data-recalc-dims=\"1\" loading=\"lazy\" decoding=\"async\" class=\"alignnone size-full wp-image-5108\" src=\"https:\/\/i0.wp.com\/cdnoticias.com\/wp-content\/uploads\/2020\/10\/aguilera-bembi-rabinovich2.jpg?resize=800%2C533&#038;ssl=1\" alt=\"\" width=\"800\" height=\"533\" srcset=\"https:\/\/i0.wp.com\/cdnoticias.com\/wp-content\/uploads\/2020\/10\/aguilera-bembi-rabinovich2.jpg?w=4608&amp;ssl=1 4608w, https:\/\/i0.wp.com\/cdnoticias.com\/wp-content\/uploads\/2020\/10\/aguilera-bembi-rabinovich2.jpg?resize=300%2C200&amp;ssl=1 300w, https:\/\/i0.wp.com\/cdnoticias.com\/wp-content\/uploads\/2020\/10\/aguilera-bembi-rabinovich2.jpg?resize=768%2C512&amp;ssl=1 768w, https:\/\/i0.wp.com\/cdnoticias.com\/wp-content\/uploads\/2020\/10\/aguilera-bembi-rabinovich2.jpg?resize=1024%2C683&amp;ssl=1 1024w, https:\/\/i0.wp.com\/cdnoticias.com\/wp-content\/uploads\/2020\/10\/aguilera-bembi-rabinovich2.jpg?resize=272%2C182&amp;ssl=1 272w, https:\/\/i0.wp.com\/cdnoticias.com\/wp-content\/uploads\/2020\/10\/aguilera-bembi-rabinovich2.jpg?w=1600&amp;ssl=1 1600w, https:\/\/i0.wp.com\/cdnoticias.com\/wp-content\/uploads\/2020\/10\/aguilera-bembi-rabinovich2.jpg?w=2400&amp;ssl=1 2400w\" sizes=\"auto, (max-width: 800px) 100vw, 800px\" \/><\/p>\n<p>&nbsp;<\/p>\n<p>Con respecto a los precios y salvo \u201calgunos incumplimientos\u201d, Rabinovich se\u00f1al\u00f3 que<em> \u201clos alimentos se fijaron sus precios al 6 de marzo y se mantienen en grandes supermercados. Estamos conformes con los resultados. Iniciamos la pandemia con mucho temor y con mayoristas con largas colas de familias que se estaban stockeando\u201d.<\/em><\/p>\n<p>&nbsp;<\/p>\n<blockquote><p>\u201cPasamos la cuarentena y la pandemia sin mayores problemas de abastecimiento, que se ve reflejado en el \u00edndice de precios que estuvieron contenidos los primeros meses y ahora, si bien se ven algunos movimientos, estamos hablando de valores inflacionarios menores de los que se ve\u00eda el a\u00f1o pasado. Pasamos de 60% interanual en subida a 40% en bajada\u201d agreg\u00f3 el funcionario.<\/p><\/blockquote>\n<p>&nbsp;<\/p>\n<p>Para cerrar, en el marco de esta nueva normalidad, el funcionario de la subsecretar\u00eda de Comercio se\u00f1al\u00f3 como <em>\u201cprincipal problem\u00e1tica\u201d<\/em> la <em>\u201c<strong>falta de demanda del p\u00fablico<\/strong>. Vemos lugares que la afluencia de p\u00fablico a\u00fan es baja. Estamos trabajando especialmente con el Banco Provincia con l\u00edneas de cr\u00e9dito para consumo, cuenta DNI, u otras l\u00edneas de descuento que buscan dinamizar el consumo y recuperar los valores que ten\u00edamos prepandemia\u201d<\/em> cerr\u00f3.<\/p>\n","protected":false},"excerpt":{"rendered":"<p>El subsecretario de Comercio bonaerense se\u00f1al\u00f3 que \u201csiempre y cuando la situaci\u00f3n sanitaria\u201d lo determine, la intenci\u00f3n es reactivar lo<\/p>\n","protected":false},"author":2,"featured_media":5107,"comment_status":"closed","ping_status":"closed","sticky":false,"template":"","format":"standard","meta":{"_jetpack_memberships_contains_paid_content":false,"footnotes":""},"categories":[4,1],"tags":[],"class_list":["post-5106","post","type-post","status-publish","format-standard","has-post-thumbnail","hentry","category-politica","category-portada"],"jetpack_featured_media_url":"https:\/\/i0.wp.com\/cdnoticias.com\/wp-content\/uploads\/2020\/10\/aguilera-bembi-rabinovich1.jpg?fit=4608%2C3072&ssl=1","jetpack_sharing_enabled":true,"_links":{"self":[{"href":"https:\/\/cdnoticias.com\/index.php\/wp-json\/wp\/v2\/posts\/5106","targetHints":{"allow":["GET"]}}],"collection":[{"href":"https:\/\/cdnoticias.com\/index.php\/wp-json\/wp\/v2\/posts"}],"about":[{"href":"https:\/\/cdnoticias.com\/index.php\/wp-json\/wp\/v2\/types\/post"}],"author":[{"embeddable":true,"href":"https:\/\/cdnoticias.com\/index.php\/wp-json\/wp\/v2\/users\/2"}],"replies":[{"embeddable":true,"href":"https:\/\/cdnoticias.com\/index.php\/wp-json\/wp\/v2\/comments?post=5106"}],"version-history":[{"count":0,"href":"https:\/\/cdnoticias.com\/index.php\/wp-json\/wp\/v2\/posts\/5106\/revisions"}],"wp:featuredmedia":[{"embeddable":true,"href":"https:\/\/cdnoticias.com\/index.php\/wp-json\/wp\/v2\/media\/5107"}],"wp:attachment":[{"href":"https:\/\/cdnoticias.com\/index.php\/wp-json\/wp\/v2\/media?parent=5106"}],"wp:term":[{"taxonomy":"category","embeddable":true,"href":"https:\/\/cdnoticias.com\/index.php\/wp-json\/wp\/v2\/categories?post=5106"},{"taxonomy":"post_tag","embeddable":true,"href":"https:\/\/cdnoticias.com\/index.php\/wp-json\/wp\/v2\/tags?post=5106"}],"curies":[{"name":"wp","href":"https:\/\/api.w.org\/{rel}","templated":true}]}}