{"id":5101,"date":"2020-10-28T18:45:59","date_gmt":"2020-10-28T21:45:59","guid":{"rendered":"http:\/\/www.centraldenoticias.com.ar\/?p=5101"},"modified":"2020-10-28T19:26:35","modified_gmt":"2020-10-28T22:26:35","slug":"covid19-en-la-region-5-muertes-de-personas-con-coronavirus","status":"publish","type":"post","link":"https:\/\/cdnoticias.com\/index.php\/2020\/10\/28\/covid19-en-la-region-5-muertes-de-personas-con-coronavirus\/","title":{"rendered":"Covid19 en la regi\u00f3n: 5 muertes de personas con Coronavirus"},"content":{"rendered":"<p>Tres de los casos se dieron en Tandil, que volvi\u00f3 a registrar un importante n\u00famero de contagios. Los restantes en Azul, uno de ellos una joven de 27 a\u00f1os v\u00edctima de violencia de g\u00e9nero.<\/p>\n<p><!--more--><\/p>\n<hr \/>\n<p>No cesa el incremento de casos en el centro bonaerense.<a href=\"https:\/\/cdnoticias.com\/index.php\/2020\/10\/27\/hubo-93-nuevos-casos-de-covid-19-55-corresponden-al-programa-rta\/\" target=\"_blank\" rel=\"noopener\"> A los casi 100 informados por nuestra ciudad en la tarde del \u00faltimo martes<\/a>, y la pol\u00e9mica desatada <a href=\"https:\/\/cdnoticias.com\/index.php\/2020\/10\/28\/no-es-reinfeccion-la-region-ix-aclaro-sobre-el-caso-de-bolivar\/\" target=\"_blank\" rel=\"noopener\">en Bol\u00edvar en el recuento de los nuevos casos<\/a>, <strong>el resto de los distritos de la regi\u00f3n registraron importantes novedades en las \u00faltimas horas.<\/strong><\/p>\n<p>&nbsp;<\/p>\n<p><img data-recalc-dims=\"1\" loading=\"lazy\" decoding=\"async\" class=\"alignnone size-large wp-image-5039\" src=\"https:\/\/i0.wp.com\/cdnoticias.com\/wp-content\/uploads\/2020\/10\/parte-18.jpg?resize=800%2C408&#038;ssl=1\" alt=\"\" width=\"800\" height=\"408\" srcset=\"https:\/\/i0.wp.com\/cdnoticias.com\/wp-content\/uploads\/2020\/10\/parte-18.jpg?resize=1024%2C522&amp;ssl=1 1024w, https:\/\/i0.wp.com\/cdnoticias.com\/wp-content\/uploads\/2020\/10\/parte-18.jpg?resize=300%2C153&amp;ssl=1 300w, https:\/\/i0.wp.com\/cdnoticias.com\/wp-content\/uploads\/2020\/10\/parte-18.jpg?resize=768%2C391&amp;ssl=1 768w, https:\/\/i0.wp.com\/cdnoticias.com\/wp-content\/uploads\/2020\/10\/parte-18.jpg?w=1160&amp;ssl=1 1160w\" sizes=\"auto, (max-width: 800px) 100vw, 800px\" \/><\/p>\n<p>&nbsp;<\/p>\n<p><strong>Tandil registr\u00f3 una jornada sumamente negativa, tal es as\u00ed que, por un lado, se registraron tres muertes de pacientes con Covid19<\/strong>. Se trat\u00f3 de dos hombres, de 89 y 92 a\u00f1os respectivamente, y una mujer de 78. Todos se encontraban hospitalizados y el n\u00famero de muertes en la ciudad serrana ascendi\u00f3 a 42.<\/p>\n<p>&nbsp;<\/p>\n<p><img data-recalc-dims=\"1\" loading=\"lazy\" decoding=\"async\" class=\"alignnone size-large wp-image-5103\" src=\"https:\/\/i0.wp.com\/cdnoticias.com\/wp-content\/uploads\/2020\/10\/tandil-3.jpg?resize=800%2C450&#038;ssl=1\" alt=\"\" width=\"800\" height=\"450\" srcset=\"https:\/\/i0.wp.com\/cdnoticias.com\/wp-content\/uploads\/2020\/10\/tandil-3.jpg?resize=1024%2C576&amp;ssl=1 1024w, https:\/\/i0.wp.com\/cdnoticias.com\/wp-content\/uploads\/2020\/10\/tandil-3.jpg?resize=300%2C169&amp;ssl=1 300w, https:\/\/i0.wp.com\/cdnoticias.com\/wp-content\/uploads\/2020\/10\/tandil-3.jpg?resize=768%2C432&amp;ssl=1 768w, https:\/\/i0.wp.com\/cdnoticias.com\/wp-content\/uploads\/2020\/10\/tandil-3.jpg?w=1366&amp;ssl=1 1366w\" sizes=\"auto, (max-width: 800px) 100vw, 800px\" \/><\/p>\n<p>&nbsp;<\/p>\n<p>A la par, <strong>se registraron 138 nuevos casos, lo que elev\u00f3 a 1139 el n\u00famero de pacientes activos<\/strong>. A la par, cuenta con 51 personas hospitalizadas, 18 de las cuales se encuentran en el sector de terapia.<\/p>\n<p>&nbsp;<\/p>\n<p><strong>Igual de compleja es la situaci\u00f3n que se da en Azul, que en las \u00faltimas horas contabiliz\u00f3 dos nuevas muertes de pacientes con Covid19.<\/strong> Se trat\u00f3 de dos mujeres, una de ellas de 64 a\u00f1os y una joven de 27 a\u00f1os. Se trata de Eliana Mendilaharzu, quien desde hac\u00eda ya varias semanas se encontraba internada tras haber sido golpeada por su pareja, un hombre de 34 a\u00f1os que actualmente se encuentra detenido.<\/p>\n<p>&nbsp;<\/p>\n<p><img data-recalc-dims=\"1\" loading=\"lazy\" decoding=\"async\" class=\"alignnone size-full wp-image-5102\" src=\"https:\/\/i0.wp.com\/cdnoticias.com\/wp-content\/uploads\/2020\/10\/azul-2.jpg?resize=800%2C513&#038;ssl=1\" alt=\"\" width=\"800\" height=\"513\" srcset=\"https:\/\/i0.wp.com\/cdnoticias.com\/wp-content\/uploads\/2020\/10\/azul-2.jpg?w=820&amp;ssl=1 820w, https:\/\/i0.wp.com\/cdnoticias.com\/wp-content\/uploads\/2020\/10\/azul-2.jpg?resize=300%2C192&amp;ssl=1 300w, https:\/\/i0.wp.com\/cdnoticias.com\/wp-content\/uploads\/2020\/10\/azul-2.jpg?resize=768%2C493&amp;ssl=1 768w\" sizes=\"auto, (max-width: 800px) 100vw, 800px\" \/><\/p>\n<p>&nbsp;<\/p>\n<p>El caso se registr\u00f3 a mediados de agosto, permaneciendo hospitalizada desde aquel entonces. Fue precisamente en el centro asistencial azule\u00f1o donde contrajo el virus. Por otra parte,<strong> Azul registro 27 nuevos casos, todos en la ciudad cabecera. Actualmente cuenta con 284 casos activos (260 en Azul, 23 en Chillar y 1 en Cachar\u00ed) y 44 fallecimientos.<\/strong><\/p>\n<p>&nbsp;<\/p>\n<p><strong>Laprida tambi\u00e9n volvi\u00f3 a registrar nuevos casos. En total fueron 9, pero el dato a\u00fan m\u00e1s preocupante es que 2 correspondieron a un geri\u00e1trico privado<\/strong>. Son en total 54 los pacientes activos, 12 de los cuales se encuentran internados, 3 de ellos en el \u00e1rea de cuidados intensivos. Por \u00faltimo, se espera por el resultado de 37 hisopados.<\/p>\n<p>&nbsp;<\/p>\n<p><img data-recalc-dims=\"1\" loading=\"lazy\" decoding=\"async\" class=\"alignnone size-full wp-image-5104\" src=\"https:\/\/i0.wp.com\/cdnoticias.com\/wp-content\/uploads\/2020\/10\/la-madrid-2.jpg?resize=800%2C335&#038;ssl=1\" alt=\"\" width=\"800\" height=\"335\" srcset=\"https:\/\/i0.wp.com\/cdnoticias.com\/wp-content\/uploads\/2020\/10\/la-madrid-2.jpg?w=910&amp;ssl=1 910w, https:\/\/i0.wp.com\/cdnoticias.com\/wp-content\/uploads\/2020\/10\/la-madrid-2.jpg?resize=300%2C126&amp;ssl=1 300w, https:\/\/i0.wp.com\/cdnoticias.com\/wp-content\/uploads\/2020\/10\/la-madrid-2.jpg?resize=768%2C322&amp;ssl=1 768w\" sizes=\"auto, (max-width: 800px) 100vw, 800px\" \/><\/p>\n<p>&nbsp;<\/p>\n<p>Por \u00faltimo, vale la menci\u00f3n a la situaci\u00f3n de <strong>La Madrid<\/strong>, que en las \u00faltimas horas ha presentado <a href=\"https:\/\/cdnoticias.com\/index.php\/2020\/10\/27\/covid19-preocupa-en-la-madrid-un-caso-positivo-en-un-geriatrico\/\" target=\"_blank\" rel=\"noopener\">un preocupante incremento de casos<\/a>. Afortunadamente en la \u00faltima jornada no registro nuevos casos, <strong>cuenta con 5 pacientes activos, pero la inquietud radica en que todos responden a distintos focos o nexos. A la par, se aguarda por el resultado de 20 hisopados.<\/strong><\/p>\n","protected":false},"excerpt":{"rendered":"<p>Tres de los casos se dieron en Tandil, que volvi\u00f3 a registrar un importante n\u00famero de contagios. Los restantes en<\/p>\n","protected":false},"author":3,"featured_media":2505,"comment_status":"closed","ping_status":"closed","sticky":false,"template":"","format":"standard","meta":{"_jetpack_memberships_contains_paid_content":false,"footnotes":""},"categories":[5,1],"tags":[],"class_list":["post-5101","post","type-post","status-publish","format-standard","has-post-thumbnail","hentry","category-informacion-general","category-portada"],"jetpack_featured_media_url":"https:\/\/i0.wp.com\/cdnoticias.com\/wp-content\/uploads\/2020\/09\/hospital-azul.jpeg?fit=948%2C533&ssl=1","jetpack_sharing_enabled":true,"_links":{"self":[{"href":"https:\/\/cdnoticias.com\/index.php\/wp-json\/wp\/v2\/posts\/5101","targetHints":{"allow":["GET"]}}],"collection":[{"href":"https:\/\/cdnoticias.com\/index.php\/wp-json\/wp\/v2\/posts"}],"about":[{"href":"https:\/\/cdnoticias.com\/index.php\/wp-json\/wp\/v2\/types\/post"}],"author":[{"embeddable":true,"href":"https:\/\/cdnoticias.com\/index.php\/wp-json\/wp\/v2\/users\/3"}],"replies":[{"embeddable":true,"href":"https:\/\/cdnoticias.com\/index.php\/wp-json\/wp\/v2\/comments?post=5101"}],"version-history":[{"count":0,"href":"https:\/\/cdnoticias.com\/index.php\/wp-json\/wp\/v2\/posts\/5101\/revisions"}],"wp:featuredmedia":[{"embeddable":true,"href":"https:\/\/cdnoticias.com\/index.php\/wp-json\/wp\/v2\/media\/2505"}],"wp:attachment":[{"href":"https:\/\/cdnoticias.com\/index.php\/wp-json\/wp\/v2\/media?parent=5101"}],"wp:term":[{"taxonomy":"category","embeddable":true,"href":"https:\/\/cdnoticias.com\/index.php\/wp-json\/wp\/v2\/categories?post=5101"},{"taxonomy":"post_tag","embeddable":true,"href":"https:\/\/cdnoticias.com\/index.php\/wp-json\/wp\/v2\/tags?post=5101"}],"curies":[{"name":"wp","href":"https:\/\/api.w.org\/{rel}","templated":true}]}}