{"id":50996,"date":"2022-04-06T15:53:05","date_gmt":"2022-04-06T18:53:05","guid":{"rendered":"https:\/\/www.centraldenoticias.com.ar\/?p=50996"},"modified":"2022-04-06T15:53:05","modified_gmt":"2022-04-06T18:53:05","slug":"eduardo-rodriguez-sera-funcionario-de-aubasa","status":"publish","type":"post","link":"https:\/\/cdnoticias.com\/index.php\/2022\/04\/06\/eduardo-rodriguez-sera-funcionario-de-aubasa\/","title":{"rendered":"Eduardo Rodr\u00edguez ser\u00e1 funcionario de Aubasa"},"content":{"rendered":"<p>Fue confirmado como Gerente de Relaciones Institucionales y Comunicaci\u00f3n. La noticia se confirm\u00f3 v\u00eda redes sociales.<!--more--><\/p>\n<hr \/>\n<p>En la tarde de este mi\u00e9rcoles, <strong>el ex funcionario y concejal Eduardo Rodr\u00edguez fue designado como Gerente de Relaciones Institucionales y Comunicaci\u00f3n de Autopistas de Buenos Aires S.A (Aubasa).<\/strong><\/p>\n<p>&nbsp;<\/p>\n<blockquote><p>La noticia se confirm\u00f3 v\u00eda redes sociales y en la que se pudo ver al flamante funcionario de Aubasa junto al Presidente de Aubasa, el saladillense Ricardo Lissalde.<\/p><\/blockquote>\n<p>&nbsp;<\/p>\n<p>De esta forma,<strong> el massista Rodr\u00edguez llega a un \u00e1mbito vinculado directamente al espacio que lidera Sergio Massa, el Frente Renovador<\/strong>: tanto el Ministerio de Transporte de Naci\u00f3n como de Provincia son dirigidos por dirigentes massistas.<\/p>\n<p>&nbsp;<\/p>\n<p><img data-recalc-dims=\"1\" loading=\"lazy\" decoding=\"async\" class=\"alignnone size-large wp-image-50998\" src=\"https:\/\/i0.wp.com\/cdnoticias.com\/wp-content\/uploads\/2022\/04\/FPrkfnKXwA8P40N.jpg?resize=800%2C600&#038;ssl=1\" alt=\"\" width=\"800\" height=\"600\" srcset=\"https:\/\/i0.wp.com\/cdnoticias.com\/wp-content\/uploads\/2022\/04\/FPrkfnKXwA8P40N.jpg?resize=1024%2C768&amp;ssl=1 1024w, https:\/\/i0.wp.com\/cdnoticias.com\/wp-content\/uploads\/2022\/04\/FPrkfnKXwA8P40N.jpg?resize=300%2C225&amp;ssl=1 300w, https:\/\/i0.wp.com\/cdnoticias.com\/wp-content\/uploads\/2022\/04\/FPrkfnKXwA8P40N.jpg?resize=768%2C576&amp;ssl=1 768w, https:\/\/i0.wp.com\/cdnoticias.com\/wp-content\/uploads\/2022\/04\/FPrkfnKXwA8P40N.jpg?resize=1536%2C1152&amp;ssl=1 1536w, https:\/\/i0.wp.com\/cdnoticias.com\/wp-content\/uploads\/2022\/04\/FPrkfnKXwA8P40N.jpg?w=2048&amp;ssl=1 2048w, https:\/\/i0.wp.com\/cdnoticias.com\/wp-content\/uploads\/2022\/04\/FPrkfnKXwA8P40N.jpg?w=1600&amp;ssl=1 1600w\" sizes=\"auto, (max-width: 800px) 100vw, 800px\" \/><\/p>\n<p>&nbsp;<\/p>\n<p>Aubasa administra, adem\u00e1s de la autopista Buenos Aires \u2013 La Plata, el corredor Atl\u00e1ntico de ruta 2, as\u00ed como tambi\u00e9n las rutas 11, 63, 56 y 74.<\/p>\n<p>&nbsp;<\/p>\n<p><strong>Rodr\u00edguez es referente del espacio Foro Olavarr\u00eda-Frente Renovador luego de haber sido concejal durante dos mandatos, de 2013 a 2021.<\/strong><\/p>\n","protected":false},"excerpt":{"rendered":"<p>Fue confirmado como Gerente de Relaciones Institucionales y Comunicaci\u00f3n. La noticia se confirm\u00f3 v\u00eda redes sociales.<\/p>\n","protected":false},"author":2,"featured_media":50997,"comment_status":"closed","ping_status":"closed","sticky":false,"template":"","format":"standard","meta":{"_jetpack_memberships_contains_paid_content":false,"footnotes":""},"categories":[4,1],"tags":[],"class_list":["post-50996","post","type-post","status-publish","format-standard","has-post-thumbnail","hentry","category-politica","category-portada"],"jetpack_featured_media_url":"https:\/\/i0.wp.com\/cdnoticias.com\/wp-content\/uploads\/2022\/04\/FPrkfnDXMAQ32uz.jpg?fit=2048%2C1536&ssl=1","jetpack_sharing_enabled":true,"_links":{"self":[{"href":"https:\/\/cdnoticias.com\/index.php\/wp-json\/wp\/v2\/posts\/50996","targetHints":{"allow":["GET"]}}],"collection":[{"href":"https:\/\/cdnoticias.com\/index.php\/wp-json\/wp\/v2\/posts"}],"about":[{"href":"https:\/\/cdnoticias.com\/index.php\/wp-json\/wp\/v2\/types\/post"}],"author":[{"embeddable":true,"href":"https:\/\/cdnoticias.com\/index.php\/wp-json\/wp\/v2\/users\/2"}],"replies":[{"embeddable":true,"href":"https:\/\/cdnoticias.com\/index.php\/wp-json\/wp\/v2\/comments?post=50996"}],"version-history":[{"count":0,"href":"https:\/\/cdnoticias.com\/index.php\/wp-json\/wp\/v2\/posts\/50996\/revisions"}],"wp:featuredmedia":[{"embeddable":true,"href":"https:\/\/cdnoticias.com\/index.php\/wp-json\/wp\/v2\/media\/50997"}],"wp:attachment":[{"href":"https:\/\/cdnoticias.com\/index.php\/wp-json\/wp\/v2\/media?parent=50996"}],"wp:term":[{"taxonomy":"category","embeddable":true,"href":"https:\/\/cdnoticias.com\/index.php\/wp-json\/wp\/v2\/categories?post=50996"},{"taxonomy":"post_tag","embeddable":true,"href":"https:\/\/cdnoticias.com\/index.php\/wp-json\/wp\/v2\/tags?post=50996"}],"curies":[{"name":"wp","href":"https:\/\/api.w.org\/{rel}","templated":true}]}}