{"id":5098,"date":"2020-10-28T17:41:06","date_gmt":"2020-10-28T20:41:06","guid":{"rendered":"http:\/\/www.centraldenoticias.com.ar\/?p=5098"},"modified":"2020-10-28T18:07:34","modified_gmt":"2020-10-28T21:07:34","slug":"bembi-desde-julio-la-caida-comenzo-a-desacelerarse","status":"publish","type":"post","link":"https:\/\/cdnoticias.com\/index.php\/2020\/10\/28\/bembi-desde-julio-la-caida-comenzo-a-desacelerarse\/","title":{"rendered":"Bembi: \u201cDesde julio la ca\u00edda comenz\u00f3 a desacelerarse\u201d"},"content":{"rendered":"<p>La subscretaria de Industria de la Provincia estuvo junto a otros funcionarios bonaerenses en Olavarr\u00eda y recorrieron pymes locales. Se\u00f1al\u00f3, en di\u00e1logo con medios, que la situaci\u00f3n es \u201ccompleja\u201d aunque \u201chay empresarios que apuestan a producir, generar empleo y est\u00e1n sosteniendo esta situaci\u00f3n\u201d.<!--more--><\/p>\n<hr \/>\n<p>Encabezados por el subsecretario de Miner\u00eda<strong> Federico Aguilera, funcionarios provinciales visitaron Olavarr\u00eda y en una comitiva que recorri\u00f3 varias pymes, hubo un momento para dialogar con los medios sobre la realidad de la industria y el comercio.<\/strong><\/p>\n<p>&nbsp;<\/p>\n<blockquote><p>Justamente, acompa\u00f1aron a Aguilera la subsecretaria de Industria, Mariela Bembi, y el subsecretario de Comercio Guillermo Rabinovich. Tambi\u00e9n participaron integrantes de la Uni\u00f3n Industrial de Olavarr\u00eda encabezadas por su presidente, C\u00e9sar Longo.<\/p><\/blockquote>\n<p>&nbsp;<\/p>\n<p>En su visita a la f\u00e1brica de calefactores a le\u00f1a Qutral, los funcionarios atendieron a los medios presentes. Aguilera se\u00f1al\u00f3 que la intenci\u00f3n de la visita (que tuvo tambi\u00e9n a Aitala como protagonista) es que <em>\u201cse puedan llevar de primera mano cu\u00e1l es la realidad que est\u00e1 atravesando el sector en una ciudad y un Partido tan importante en lo industrial como lo es Olavarr\u00eda. Lo venimos charlando y queremos ratificar que el Estado est\u00e1 cerca\u201d.<\/em><\/p>\n<p>&nbsp;<\/p>\n<p><img data-recalc-dims=\"1\" loading=\"lazy\" decoding=\"async\" class=\"alignnone size-full wp-image-5099\" src=\"https:\/\/i0.wp.com\/cdnoticias.com\/wp-content\/uploads\/2020\/10\/aguilera-bembi-rabinovich.jpg?resize=800%2C533&#038;ssl=1\" alt=\"\" width=\"800\" height=\"533\" srcset=\"https:\/\/i0.wp.com\/cdnoticias.com\/wp-content\/uploads\/2020\/10\/aguilera-bembi-rabinovich.jpg?w=4608&amp;ssl=1 4608w, https:\/\/i0.wp.com\/cdnoticias.com\/wp-content\/uploads\/2020\/10\/aguilera-bembi-rabinovich.jpg?resize=300%2C200&amp;ssl=1 300w, https:\/\/i0.wp.com\/cdnoticias.com\/wp-content\/uploads\/2020\/10\/aguilera-bembi-rabinovich.jpg?resize=768%2C512&amp;ssl=1 768w, https:\/\/i0.wp.com\/cdnoticias.com\/wp-content\/uploads\/2020\/10\/aguilera-bembi-rabinovich.jpg?resize=1024%2C683&amp;ssl=1 1024w, https:\/\/i0.wp.com\/cdnoticias.com\/wp-content\/uploads\/2020\/10\/aguilera-bembi-rabinovich.jpg?resize=272%2C182&amp;ssl=1 272w, https:\/\/i0.wp.com\/cdnoticias.com\/wp-content\/uploads\/2020\/10\/aguilera-bembi-rabinovich.jpg?w=1600&amp;ssl=1 1600w, https:\/\/i0.wp.com\/cdnoticias.com\/wp-content\/uploads\/2020\/10\/aguilera-bembi-rabinovich.jpg?w=2400&amp;ssl=1 2400w\" sizes=\"auto, (max-width: 800px) 100vw, 800px\" \/><\/p>\n<p>&nbsp;<\/p>\n<p>Bembi indic\u00f3 que la Industria se encuentra<strong><em> \u201ccon una situaci\u00f3n bastante complicada, luego de 4 a\u00f1os de pol\u00edticas que fueron en contra de la producci\u00f3n, del trabajo, y estos \u00faltimos a\u00f1os una recesi\u00f3n bastante profunda\u201d.<\/em><\/strong><\/p>\n<p>&nbsp;<\/p>\n<p>Como dato positivo, <em>\u201ctambi\u00e9n nos encontramos con empresarios pymes que apuestan a producir, a generar empleo y que est\u00e1n sosteniendo esta situaci\u00f3n. Aqu\u00ed hemos venido a Qutral, que nos cont\u00f3 sus proyectos de inversi\u00f3n, las necesidades que tiene y la importancia que hay en el Parque Industrial de <strong>poder regularizar la situaci\u00f3n de los planos de subdivisi\u00f3n que en este momento est\u00e1n en el Municipio y vamos a trabajar desde ARBA para que salgan lo m\u00e1s r\u00e1pido posible<\/strong>, y de este modo empresas como esta puedan acceder a cr\u00e9ditos genuinos y puedan proyectar su expansi\u00f3n\u201d.<\/em><\/p>\n<p>&nbsp;<\/p>\n<p>La actividad industrial, en este sentido,<em> \u201cestamos viendo que <strong>desde julio comenz\u00f3 a desacelerar la ca\u00edda y hay un incipiente proceso de reactivaci\u00f3n<\/strong> que estamos acompa\u00f1ando desde la Provincia con programas y l\u00edneas de cr\u00e9ditos en algo que el gobernador llam\u00f3 Provincia en Marcha que apunta a apuntalar este proceso\u201d.<\/em><\/p>\n<p>&nbsp;<\/p>\n<p>Bembi indic\u00f3 que las pymes y este tipo de empresas <em>\u201csostuvieron el empleo\u201d<\/em> en conjunto con<em> \u201cel ATP de Naci\u00f3n como el IFE y las l\u00edneas de cr\u00e9dito a tasa 0, que fueron un gran motor para poder sostener todo el esfuerzo que hace el sector productivo\u201d.<\/em> Y agreg\u00f3 que <em>\u201cun puesto que se pierde es muy dif\u00edcil de recuperar y tambi\u00e9n que cada puesto de trabajo que se pierde es una capacidad que se pierde: a la hora de tomar personal es volver a entrenar y es un costo adicional. <strong>Estamos tratando de acompa\u00f1ar desde Provincia como programas como \u201cPreservar Trabajo\u201d que apunta a llegar a todas las pymes y cooperativas que no recibieron programas de apoyo y asistencia al salario<\/strong> que puedan acceder a ingresos y as\u00ed sostener su fuente de trabajo\u201d.<\/em><\/p>\n","protected":false},"excerpt":{"rendered":"<p>La subscretaria de Industria de la Provincia estuvo junto a otros funcionarios bonaerenses en Olavarr\u00eda y recorrieron pymes locales. Se\u00f1al\u00f3,<\/p>\n","protected":false},"author":2,"featured_media":5092,"comment_status":"closed","ping_status":"closed","sticky":false,"template":"","format":"standard","meta":{"_jetpack_memberships_contains_paid_content":false,"footnotes":""},"categories":[4,1],"tags":[],"class_list":["post-5098","post","type-post","status-publish","format-standard","has-post-thumbnail","hentry","category-politica","category-portada"],"jetpack_featured_media_url":"https:\/\/i0.wp.com\/cdnoticias.com\/wp-content\/uploads\/2020\/10\/visita3.jpg?fit=724%2C430&ssl=1","jetpack_sharing_enabled":true,"_links":{"self":[{"href":"https:\/\/cdnoticias.com\/index.php\/wp-json\/wp\/v2\/posts\/5098","targetHints":{"allow":["GET"]}}],"collection":[{"href":"https:\/\/cdnoticias.com\/index.php\/wp-json\/wp\/v2\/posts"}],"about":[{"href":"https:\/\/cdnoticias.com\/index.php\/wp-json\/wp\/v2\/types\/post"}],"author":[{"embeddable":true,"href":"https:\/\/cdnoticias.com\/index.php\/wp-json\/wp\/v2\/users\/2"}],"replies":[{"embeddable":true,"href":"https:\/\/cdnoticias.com\/index.php\/wp-json\/wp\/v2\/comments?post=5098"}],"version-history":[{"count":0,"href":"https:\/\/cdnoticias.com\/index.php\/wp-json\/wp\/v2\/posts\/5098\/revisions"}],"wp:featuredmedia":[{"embeddable":true,"href":"https:\/\/cdnoticias.com\/index.php\/wp-json\/wp\/v2\/media\/5092"}],"wp:attachment":[{"href":"https:\/\/cdnoticias.com\/index.php\/wp-json\/wp\/v2\/media?parent=5098"}],"wp:term":[{"taxonomy":"category","embeddable":true,"href":"https:\/\/cdnoticias.com\/index.php\/wp-json\/wp\/v2\/categories?post=5098"},{"taxonomy":"post_tag","embeddable":true,"href":"https:\/\/cdnoticias.com\/index.php\/wp-json\/wp\/v2\/tags?post=5098"}],"curies":[{"name":"wp","href":"https:\/\/api.w.org\/{rel}","templated":true}]}}