{"id":50904,"date":"2022-04-05T20:58:26","date_gmt":"2022-04-05T23:58:26","guid":{"rendered":"https:\/\/www.centraldenoticias.com.ar\/?p=50904"},"modified":"2022-04-06T08:13:22","modified_gmt":"2022-04-06T11:13:22","slug":"en-juicio-abreviado-condenaron-a-12-y-5-anos-a-los-autores-del-crimen-de-morena-brendel","status":"publish","type":"post","link":"https:\/\/cdnoticias.com\/index.php\/2022\/04\/05\/en-juicio-abreviado-condenaron-a-12-y-5-anos-a-los-autores-del-crimen-de-morena-brendel\/","title":{"rendered":"En juicio abreviado, condenaron a 12 y 5 a\u00f1os a los autores del crimen de Morena Brendel"},"content":{"rendered":"<p>Brisa Gilda Ayel\u00e9n Wagner fue condenada por \u201cHomicidio Simple\u201d mientras que Emanuel Maximiliano Molinate lo fue por \u201cpart\u00edcipe secundario\u201d del crimen de la adolescente de 15 a\u00f1os. <!--more--><\/p>\n<hr \/>\n<p>Finalmente <strong>bajo el sistema de juicio abreviado condenaron a los dos acusados por el asesinato de la adolescente Morena Brendel, quien muri\u00f3 de un puntazo en el cuello en enero de 2019.<\/strong><\/p>\n<p>&nbsp;<\/p>\n<p>Cabe se\u00f1alar que <strong>el acuerdo de juicio abreviado fue acordado por el fiscal Url\u00e9zaga, de la UFI N\u00b07<\/strong> en el caso de Emanuel Maximiliano Molinate, <strong>mientras que por Brisa Gilda Ayel\u00e9n Wagner fue acordado por el fiscal Piotti, de Tandil. Se desarroll\u00f3 en el Tribunal Oral Criminal N\u00b01 con sede en la ciudad de Azul.\u00a0<\/strong><\/p>\n<p>&nbsp;<\/p>\n<p>Vale mencionar que <strong>ambos tuvieron defensas particulares y Juez de Sentencia<\/strong>: el doctor Claudio C\u00e9sar Garc\u00eda represent\u00f3 a Wagner mientras que Marcelo Fuche lo hizo con Molinate.<\/p>\n<p>&nbsp;<\/p>\n<p>All\u00ed, <strong>se conden\u00f3 a la joven Wagner a la pena de 12 a\u00f1os de prisi\u00f3n por<em> \u201cresultar penalmente responsable de Homicidio Simple\u201d<\/em> mientras que Emanuel Maximiliano Molinate fue condenado a la pena de 5 a\u00f1os de prisi\u00f3n por ser<em> \u201cpart\u00edcipe secundario del homicidio&#8221;<\/em> perpetrado por Wagner hacia Brendel\u201d.<\/strong> En otras palabras, Molinate llev\u00f3 en su moto a Wagner a cometer el hecho y luego escaparon.<\/p>\n<p>&nbsp;<\/p>\n<p><img data-recalc-dims=\"1\" loading=\"lazy\" decoding=\"async\" class=\"alignnone size-full wp-image-18559\" src=\"https:\/\/i0.wp.com\/cdnoticias.com\/wp-content\/uploads\/2021\/04\/portada-morena-1.jpg?resize=800%2C445&#038;ssl=1\" alt=\"\" width=\"800\" height=\"445\" srcset=\"https:\/\/i0.wp.com\/cdnoticias.com\/wp-content\/uploads\/2021\/04\/portada-morena-1.jpg?w=800&amp;ssl=1 800w, https:\/\/i0.wp.com\/cdnoticias.com\/wp-content\/uploads\/2021\/04\/portada-morena-1.jpg?resize=300%2C167&amp;ssl=1 300w, https:\/\/i0.wp.com\/cdnoticias.com\/wp-content\/uploads\/2021\/04\/portada-morena-1.jpg?resize=768%2C427&amp;ssl=1 768w\" sizes=\"auto, (max-width: 800px) 100vw, 800px\" \/><\/p>\n<p>&nbsp;<\/p>\n<p>El hecho se produjo el<strong> 3 de enero de 2019 a pocas cuadras de la casa de la adolescente de 15 a\u00f1os, a la salida de un local comercial en Col\u00f3n y Mendoza. Morena Brendel fue asesinada por Wagner producto de un puntazo en la zona del cuello.<\/strong> Tras cometer el crimen, Wagner y Molinate escaparon en una motocicleta.<\/p>\n<p>&nbsp;<\/p>\n<p><strong>Horas despu\u00e9s encontraron a la joven de 18 a\u00f1os en una vivienda en Sierra Chica<\/strong> junto a un adolescente de 13 a\u00f1os con quien Morena hab\u00eda mantenido una discusi\u00f3n minutos antes. <strong>D\u00edas despu\u00e9s encontraron a Molinate, que tambi\u00e9n fue detenido. En esa misma captura hallaron, tambi\u00e9n, la moto con la que llev\u00f3 a Wagner a agredir a Brendel y luego huyeron.<\/strong><\/p>\n","protected":false},"excerpt":{"rendered":"<p>Brisa Gilda Ayel\u00e9n Wagner fue condenada por \u201cHomicidio Simple\u201d mientras que Emanuel Maximiliano Molinate lo fue por \u201cpart\u00edcipe secundario\u201d del<\/p>\n","protected":false},"author":2,"featured_media":12885,"comment_status":"closed","ping_status":"closed","sticky":false,"template":"","format":"standard","meta":{"_jetpack_memberships_contains_paid_content":false,"footnotes":""},"categories":[14,1],"tags":[],"class_list":["post-50904","post","type-post","status-publish","format-standard","has-post-thumbnail","hentry","category-policiales","category-portada"],"jetpack_featured_media_url":"https:\/\/i0.wp.com\/cdnoticias.com\/wp-content\/uploads\/2021\/02\/tribunales-e1748092128270.jpg?fit=791%2C417&ssl=1","jetpack_sharing_enabled":true,"_links":{"self":[{"href":"https:\/\/cdnoticias.com\/index.php\/wp-json\/wp\/v2\/posts\/50904","targetHints":{"allow":["GET"]}}],"collection":[{"href":"https:\/\/cdnoticias.com\/index.php\/wp-json\/wp\/v2\/posts"}],"about":[{"href":"https:\/\/cdnoticias.com\/index.php\/wp-json\/wp\/v2\/types\/post"}],"author":[{"embeddable":true,"href":"https:\/\/cdnoticias.com\/index.php\/wp-json\/wp\/v2\/users\/2"}],"replies":[{"embeddable":true,"href":"https:\/\/cdnoticias.com\/index.php\/wp-json\/wp\/v2\/comments?post=50904"}],"version-history":[{"count":0,"href":"https:\/\/cdnoticias.com\/index.php\/wp-json\/wp\/v2\/posts\/50904\/revisions"}],"wp:featuredmedia":[{"embeddable":true,"href":"https:\/\/cdnoticias.com\/index.php\/wp-json\/wp\/v2\/media\/12885"}],"wp:attachment":[{"href":"https:\/\/cdnoticias.com\/index.php\/wp-json\/wp\/v2\/media?parent=50904"}],"wp:term":[{"taxonomy":"category","embeddable":true,"href":"https:\/\/cdnoticias.com\/index.php\/wp-json\/wp\/v2\/categories?post=50904"},{"taxonomy":"post_tag","embeddable":true,"href":"https:\/\/cdnoticias.com\/index.php\/wp-json\/wp\/v2\/tags?post=50904"}],"curies":[{"name":"wp","href":"https:\/\/api.w.org\/{rel}","templated":true}]}}