{"id":50795,"date":"2022-04-04T16:07:04","date_gmt":"2022-04-04T19:07:04","guid":{"rendered":"https:\/\/www.centraldenoticias.com.ar\/?p=50795"},"modified":"2022-04-04T16:07:04","modified_gmt":"2022-04-04T19:07:04","slug":"milciades-americo-giles-moya-q-e-p-d","status":"publish","type":"post","link":"https:\/\/cdnoticias.com\/index.php\/2022\/04\/04\/milciades-americo-giles-moya-q-e-p-d\/","title":{"rendered":"Milciades Americo Giles Moya (Q.E.P.D.)"},"content":{"rendered":"<p>Falleci\u00f3 en Olavarr\u00eda el d\u00eda 4 de abril de 2022 a los 79\u00a0 a\u00f1os de edad. Su esposa Lidia Evangelina Campo, su hija Evangelina Giles Campo, sus nietos Clara Lospinoso, Bernardita Lospinoso y Joaqu\u00edn Lospinoso, su yerno Owen Lospinoso y dem\u00e1s deudos participan su fallecimiento.<\/p>\n<p>&nbsp;<\/p>\n<p>Velatorio: Espa\u00f1a 2942 Dto&#8221;C&#8221; comienza d\u00eda martes 5 de abril a las 8:00. Responso: Capilla Ardiente. Inhumaci\u00f3n: Crematorio Pinos de Paz, martes 5 de abril a las 15:00. Servicio adherido a Coopelectric.<\/p>\n<p>Barrio en el que viv\u00eda: Micro Centro<\/p>\n<p>Actividad que desarrollaba: Abogado<\/p>\n","protected":false},"excerpt":{"rendered":"<p>Falleci\u00f3 en Olavarr\u00eda el d\u00eda 4 de abril de 2022 a los 79\u00a0 a\u00f1os de edad. Su esposa Lidia Evangelina<\/p>\n","protected":false},"author":6,"featured_media":0,"comment_status":"closed","ping_status":"closed","sticky":false,"template":"","format":"standard","meta":{"_jetpack_memberships_contains_paid_content":false,"footnotes":""},"categories":[10],"tags":[],"class_list":["post-50795","post","type-post","status-publish","format-standard","hentry","category-necrologicas"],"jetpack_featured_media_url":"","jetpack_sharing_enabled":true,"_links":{"self":[{"href":"https:\/\/cdnoticias.com\/index.php\/wp-json\/wp\/v2\/posts\/50795","targetHints":{"allow":["GET"]}}],"collection":[{"href":"https:\/\/cdnoticias.com\/index.php\/wp-json\/wp\/v2\/posts"}],"about":[{"href":"https:\/\/cdnoticias.com\/index.php\/wp-json\/wp\/v2\/types\/post"}],"author":[{"embeddable":true,"href":"https:\/\/cdnoticias.com\/index.php\/wp-json\/wp\/v2\/users\/6"}],"replies":[{"embeddable":true,"href":"https:\/\/cdnoticias.com\/index.php\/wp-json\/wp\/v2\/comments?post=50795"}],"version-history":[{"count":0,"href":"https:\/\/cdnoticias.com\/index.php\/wp-json\/wp\/v2\/posts\/50795\/revisions"}],"wp:attachment":[{"href":"https:\/\/cdnoticias.com\/index.php\/wp-json\/wp\/v2\/media?parent=50795"}],"wp:term":[{"taxonomy":"category","embeddable":true,"href":"https:\/\/cdnoticias.com\/index.php\/wp-json\/wp\/v2\/categories?post=50795"},{"taxonomy":"post_tag","embeddable":true,"href":"https:\/\/cdnoticias.com\/index.php\/wp-json\/wp\/v2\/tags?post=50795"}],"curies":[{"name":"wp","href":"https:\/\/api.w.org\/{rel}","templated":true}]}}