{"id":50716,"date":"2022-04-03T19:36:55","date_gmt":"2022-04-03T22:36:55","guid":{"rendered":"https:\/\/www.centraldenoticias.com.ar\/?p=50716"},"modified":"2022-04-04T08:42:22","modified_gmt":"2022-04-04T11:42:22","slug":"venta-de-terrenos-el-municipio-se-presento-como-particular-damnificado-y-suspendio-a-ciancio","status":"publish","type":"post","link":"https:\/\/cdnoticias.com\/index.php\/2022\/04\/03\/venta-de-terrenos-el-municipio-se-presento-como-particular-damnificado-y-suspendio-a-ciancio\/","title":{"rendered":"Venta de terrenos: El Municipio se present\u00f3 como particular damnificado y suspendi\u00f3 a Ciancio"},"content":{"rendered":"<p>Es en el marco de la causa por estafa reiterada por la venta irregular de terrenos. El asesor municipal fue suspendido \u201chasta que la justicia esclarezca los hechos\u201d.<!--more--><\/p>\n<hr \/>\n<p>Este domingo por la noche se conoci\u00f3 la postura adoptada por el Municipio en el marco de la causa por estafa reiterada por la venta irregular de terrenos. A trav\u00e9s de un comunicado, se indic\u00f3 que la decisi\u00f3n tomada por el intendente Ezequiel Galli fue la de<strong> suspender desde este lunes y \u201chasta que la Justicia esclarezca los hechos\u201d, al asesor municipal Mariano Ciancio<\/strong>. <a href=\"https:\/\/cdnoticias.com\/index.php\/2022\/04\/03\/es-otro-ano-electoral-las-internas-abiertas-en-las-principales-fuerzas-de-olavarria\/\" target=\"_blank\" rel=\"noopener\">Es uno de los cuatro imputados por la UFI N\u00ba 4 por &#8220;estafas reiteradas&#8221;<\/a>.<\/p>\n<p>&nbsp;<\/p>\n<p>En este sentido, el jefe comunal expres\u00f3:<strong> &#8220;siempre dije que si un funcionario municipal estaba involucrado en la causa iba a ser separado del cargo hasta que la Justicia determine y es lo que estamos haciendo&#8221;.<\/strong><\/p>\n<p>&nbsp;<\/p>\n<p>Adem\u00e1s, indicaron que<strong> el Municipio de Olavarr\u00eda se present\u00f3 el martes 29 de marzo en el Juzgado de Garant\u00edas N\u00ba 1 como particular damnificado en la causa<\/strong> de la estafa reiterada por la venta irregular de terrenos.<\/p>\n<p>&nbsp;<\/p>\n<p><img data-recalc-dims=\"1\" loading=\"lazy\" decoding=\"async\" class=\"aligncenter size-full wp-image-38625\" src=\"https:\/\/i0.wp.com\/cdnoticias.com\/wp-content\/uploads\/2021\/11\/galli00.jpg?resize=800%2C445&#038;ssl=1\" alt=\"\" width=\"800\" height=\"445\" srcset=\"https:\/\/i0.wp.com\/cdnoticias.com\/wp-content\/uploads\/2021\/11\/galli00.jpg?w=1072&amp;ssl=1 1072w, https:\/\/i0.wp.com\/cdnoticias.com\/wp-content\/uploads\/2021\/11\/galli00.jpg?resize=300%2C167&amp;ssl=1 300w, https:\/\/i0.wp.com\/cdnoticias.com\/wp-content\/uploads\/2021\/11\/galli00.jpg?resize=768%2C427&amp;ssl=1 768w, https:\/\/i0.wp.com\/cdnoticias.com\/wp-content\/uploads\/2021\/11\/galli00.jpg?resize=1024%2C569&amp;ssl=1 1024w, https:\/\/i0.wp.com\/cdnoticias.com\/wp-content\/uploads\/2021\/11\/galli00.jpg?resize=800%2C445&amp;ssl=1 800w\" sizes=\"auto, (max-width: 800px) 100vw, 800px\" \/><\/p>\n<p>&nbsp;<\/p>\n<p>Marcelo Fabbi, el apoderado legal del Municipio, se\u00f1al\u00f3 que el pasado 22 de marzo de 2022, diligenci\u00f3 un oficio por parte de la UFI N\u00b04 a cargo de la Dra. Paula Serrano, donde se solicit\u00f3 <strong>informaci\u00f3n sobre 23 inmuebles sobre los que presuntamente se habr\u00edan efectuado estafas denunciadas en la presente.<\/strong><\/p>\n<p>&nbsp;<\/p>\n<p>De la compulsa de los datos indicado por la UFI se desprende que <strong>dos de los inmuebles identificados en el oficio pertenecen al erario Municipal<\/strong>, cuya titularidad se acredit\u00f3 mediante la presentaci\u00f3n de certificados de dominio.<\/p>\n<p>&nbsp;<\/p>\n<p>Asimismo, el propio Fabbi indic\u00f3 que <strong>ambos inmuebles se encuentran afectados al r\u00e9gimen de tenencias municipales llevados adelante por la Direcci\u00f3n de Regularizaci\u00f3n Dominial.<\/strong><\/p>\n<p>&nbsp;<\/p>\n<p>\u201cComo dijo el intendente Ezequiel Galli, el Municipio estuvo, est\u00e1 y va a estar a disposici\u00f3n de la Justicia en una causa que ha perjudicado a vecinos del Partido de Olavarr\u00eda\u201d, expres\u00f3 el Subsecretario de Legal y T\u00e9cnica.<\/p>\n<p>&nbsp;<\/p>\n<p>\u201cConfiamos en el trabajo que est\u00e1 llevando a cabo la Fiscal\u00eda y el Juzgado de Garant\u00edas y es importante respetar la divisi\u00f3n de poderes para poder esclarecer cuanto antes los il\u00edcitos cometidos\u201d, finaliz\u00f3 Fabbi.<\/p>\n","protected":false},"excerpt":{"rendered":"<p>Es en el marco de la causa por estafa reiterada por la venta irregular de terrenos. El asesor municipal fue<\/p>\n","protected":false},"author":5,"featured_media":50707,"comment_status":"closed","ping_status":"closed","sticky":false,"template":"","format":"standard","meta":{"_jetpack_memberships_contains_paid_content":false,"footnotes":""},"categories":[5,1],"tags":[],"class_list":["post-50716","post","type-post","status-publish","format-standard","has-post-thumbnail","hentry","category-informacion-general","category-portada"],"jetpack_featured_media_url":"https:\/\/i0.wp.com\/cdnoticias.com\/wp-content\/uploads\/2022\/04\/mariano-ciancio.jpg?fit=800%2C458&ssl=1","jetpack_sharing_enabled":true,"_links":{"self":[{"href":"https:\/\/cdnoticias.com\/index.php\/wp-json\/wp\/v2\/posts\/50716","targetHints":{"allow":["GET"]}}],"collection":[{"href":"https:\/\/cdnoticias.com\/index.php\/wp-json\/wp\/v2\/posts"}],"about":[{"href":"https:\/\/cdnoticias.com\/index.php\/wp-json\/wp\/v2\/types\/post"}],"author":[{"embeddable":true,"href":"https:\/\/cdnoticias.com\/index.php\/wp-json\/wp\/v2\/users\/5"}],"replies":[{"embeddable":true,"href":"https:\/\/cdnoticias.com\/index.php\/wp-json\/wp\/v2\/comments?post=50716"}],"version-history":[{"count":0,"href":"https:\/\/cdnoticias.com\/index.php\/wp-json\/wp\/v2\/posts\/50716\/revisions"}],"wp:featuredmedia":[{"embeddable":true,"href":"https:\/\/cdnoticias.com\/index.php\/wp-json\/wp\/v2\/media\/50707"}],"wp:attachment":[{"href":"https:\/\/cdnoticias.com\/index.php\/wp-json\/wp\/v2\/media?parent=50716"}],"wp:term":[{"taxonomy":"category","embeddable":true,"href":"https:\/\/cdnoticias.com\/index.php\/wp-json\/wp\/v2\/categories?post=50716"},{"taxonomy":"post_tag","embeddable":true,"href":"https:\/\/cdnoticias.com\/index.php\/wp-json\/wp\/v2\/tags?post=50716"}],"curies":[{"name":"wp","href":"https:\/\/api.w.org\/{rel}","templated":true}]}}