{"id":50710,"date":"2022-04-05T09:48:26","date_gmt":"2022-04-05T12:48:26","guid":{"rendered":"https:\/\/www.centraldenoticias.com.ar\/?p=50710"},"modified":"2022-04-05T09:48:26","modified_gmt":"2022-04-05T12:48:26","slug":"archivo-historico-se-pueden-consultar-de-forma-online-ejemplares-del-diario-tribuna","status":"publish","type":"post","link":"https:\/\/cdnoticias.com\/index.php\/2022\/04\/05\/archivo-historico-se-pueden-consultar-de-forma-online-ejemplares-del-diario-tribuna\/","title":{"rendered":"Archivo Hist\u00f3rico: Se pueden consultar de forma online ejemplares del Diario Tribuna"},"content":{"rendered":"<p>Fueron digitalizados en el marco del proyecto Memoria Gr\u00e1fica. \u00bfC\u00f3mo visualizar los ejemplares?.<!--more--><\/p>\n<hr \/>\n<p>El Archivo Hist\u00f3rico Municipal \u00abAlberto y Fernando Valverde\u00bb inform\u00f3 que se encuentran a la consulta, en formato digital, <strong>77 ejemplares del diario Tribuna correspondientes a los meses de abril, mayo y junio de 1982, durante los cuales se desarroll\u00f3 la Guerra de Malvinas.<\/strong><\/p>\n<p>&nbsp;<\/p>\n<p>Los mismos pertenecen a la colecci\u00f3n Tribuna del Archivo y fueron digitalizados en el marco del <strong>proyecto Memoria Gr\u00e1fica.<\/strong><\/p>\n<p>&nbsp;<\/p>\n<p>Los interesados podr\u00e1n consultar cada ejemplar, <a href=\"https:\/\/drive.google.com\/drive\/folders\/10KMlKpILglmaQRFoRv5N3GGOMFSPafLf\" target=\"_blank\" rel=\"noopener\">en el siguiente enlace<\/a>, para visualizar cada uno.<\/p>\n<p>&nbsp;<\/p>\n<p>Desde el Archivo Hist\u00f3rico Municipal se recuerda que, aquellos interesados en realizar consultas o solicitar material espec\u00edfico, pueden comunicarse a trav\u00e9s de diferentes medios.<\/p>\n<p>&nbsp;<\/p>\n<p>De manera telef\u00f3nica al 419646, de lunes a viernes, en el horario de 7 a 13 horas. Asimismo, pueden contactarse v\u00eda email, escribiendo a <a href=\"mailto:archivohistorico@olavarria.gov.ar\">archivohistorico@olavarria.gov.ar<\/a><\/p>\n","protected":false},"excerpt":{"rendered":"<p>Fueron digitalizados en el marco del proyecto Memoria Gr\u00e1fica. \u00bfC\u00f3mo visualizar los ejemplares?.<\/p>\n","protected":false},"author":5,"featured_media":50711,"comment_status":"closed","ping_status":"closed","sticky":false,"template":"","format":"standard","meta":{"_jetpack_memberships_contains_paid_content":false,"footnotes":""},"categories":[5],"tags":[],"class_list":["post-50710","post","type-post","status-publish","format-standard","has-post-thumbnail","hentry","category-informacion-general"],"jetpack_featured_media_url":"https:\/\/i0.wp.com\/cdnoticias.com\/wp-content\/uploads\/2022\/04\/Cultura-Archivo-Historico-1024x678-1.jpg?fit=1024%2C678&ssl=1","jetpack_sharing_enabled":true,"_links":{"self":[{"href":"https:\/\/cdnoticias.com\/index.php\/wp-json\/wp\/v2\/posts\/50710","targetHints":{"allow":["GET"]}}],"collection":[{"href":"https:\/\/cdnoticias.com\/index.php\/wp-json\/wp\/v2\/posts"}],"about":[{"href":"https:\/\/cdnoticias.com\/index.php\/wp-json\/wp\/v2\/types\/post"}],"author":[{"embeddable":true,"href":"https:\/\/cdnoticias.com\/index.php\/wp-json\/wp\/v2\/users\/5"}],"replies":[{"embeddable":true,"href":"https:\/\/cdnoticias.com\/index.php\/wp-json\/wp\/v2\/comments?post=50710"}],"version-history":[{"count":0,"href":"https:\/\/cdnoticias.com\/index.php\/wp-json\/wp\/v2\/posts\/50710\/revisions"}],"wp:featuredmedia":[{"embeddable":true,"href":"https:\/\/cdnoticias.com\/index.php\/wp-json\/wp\/v2\/media\/50711"}],"wp:attachment":[{"href":"https:\/\/cdnoticias.com\/index.php\/wp-json\/wp\/v2\/media?parent=50710"}],"wp:term":[{"taxonomy":"category","embeddable":true,"href":"https:\/\/cdnoticias.com\/index.php\/wp-json\/wp\/v2\/categories?post=50710"},{"taxonomy":"post_tag","embeddable":true,"href":"https:\/\/cdnoticias.com\/index.php\/wp-json\/wp\/v2\/tags?post=50710"}],"curies":[{"name":"wp","href":"https:\/\/api.w.org\/{rel}","templated":true}]}}