{"id":50679,"date":"2022-04-03T11:50:46","date_gmt":"2022-04-03T14:50:46","guid":{"rendered":"https:\/\/www.centraldenoticias.com.ar\/?p=50679"},"modified":"2022-04-03T11:50:46","modified_gmt":"2022-04-03T14:50:46","slug":"folleteada-para-visibilizar-el-trabajo-en-red-por-la-diversidad","status":"publish","type":"post","link":"https:\/\/cdnoticias.com\/index.php\/2022\/04\/03\/folleteada-para-visibilizar-el-trabajo-en-red-por-la-diversidad\/","title":{"rendered":"Folleteada para visibilizar el trabajo en red por la diversidad"},"content":{"rendered":"<p>Integrantes de organizaciones y activistas por los derechos de la diversidad y la disidencia de g\u00e9nero estuvieron en el Paseo Mend\u00eda.<!--more--><\/p>\n<hr \/>\n<p><strong>Se realiz\u00f3 el viernes una folleteada en el Paseo Jes\u00fas Mend\u00eda<\/strong>, organizada de manera conjunta entre el <strong>Espacio de Diversidad Sexual y Disidencias del STMO, el Centro de Violencia Familiar y G\u00e9neros STMO, Criar con Alas, Noah Yael Coda (compa\u00f1erx militante por los derechos no binaries), Consultorio Inclusivo, CIC (Empoderarte), Emanuel Donad\u00edo (militante por los derechos LGBTTTQI+) y el Observatorio de Educaci\u00f3n, Pol\u00edticas P\u00fablicas y Derechos y C\u00e1tedra Libre (FACSO)<\/strong>.<\/p>\n<p>&nbsp;<\/p>\n<p>Se destac\u00f3 que el objetivo fue <strong>concientizar y visibilizar sobre el trabajo en red<\/strong> que se viene realizando con las organizaciones e instituciones antes nombradas.<\/p>\n<p>&nbsp;<\/p>\n<p>La actividad comenz\u00f3 pasadas las 16, los distintos referentes <strong>se dividieron por grupos y repartieron folletos<\/strong> e informaron sobre las distintas actividades que se llevan a cabo. El cierre fue con un momento de reflexi\u00f3n de todos los asistentes.<\/p>\n<p>&nbsp;<\/p>\n<blockquote><p>&#8220;Estamos convencidos de que el trabajo en red es la \u00fanica herramienta para seguir avanzando&#8221; sostuvieron.<\/p><\/blockquote>\n","protected":false},"excerpt":{"rendered":"<p>Integrantes de organizaciones y activistas por los derechos de la diversidad y la disidencia de g\u00e9nero estuvieron en el Paseo<\/p>\n","protected":false},"author":4,"featured_media":50680,"comment_status":"closed","ping_status":"closed","sticky":false,"template":"","format":"standard","meta":{"_jetpack_memberships_contains_paid_content":false,"footnotes":""},"categories":[3,1],"tags":[],"class_list":["post-50679","post","type-post","status-publish","format-standard","has-post-thumbnail","hentry","category-genero","category-portada"],"jetpack_featured_media_url":"https:\/\/i0.wp.com\/cdnoticias.com\/wp-content\/uploads\/2022\/04\/espacio-de-diversidad-sexual-STMO.jpeg?fit=825%2C606&ssl=1","jetpack_sharing_enabled":true,"_links":{"self":[{"href":"https:\/\/cdnoticias.com\/index.php\/wp-json\/wp\/v2\/posts\/50679","targetHints":{"allow":["GET"]}}],"collection":[{"href":"https:\/\/cdnoticias.com\/index.php\/wp-json\/wp\/v2\/posts"}],"about":[{"href":"https:\/\/cdnoticias.com\/index.php\/wp-json\/wp\/v2\/types\/post"}],"author":[{"embeddable":true,"href":"https:\/\/cdnoticias.com\/index.php\/wp-json\/wp\/v2\/users\/4"}],"replies":[{"embeddable":true,"href":"https:\/\/cdnoticias.com\/index.php\/wp-json\/wp\/v2\/comments?post=50679"}],"version-history":[{"count":0,"href":"https:\/\/cdnoticias.com\/index.php\/wp-json\/wp\/v2\/posts\/50679\/revisions"}],"wp:featuredmedia":[{"embeddable":true,"href":"https:\/\/cdnoticias.com\/index.php\/wp-json\/wp\/v2\/media\/50680"}],"wp:attachment":[{"href":"https:\/\/cdnoticias.com\/index.php\/wp-json\/wp\/v2\/media?parent=50679"}],"wp:term":[{"taxonomy":"category","embeddable":true,"href":"https:\/\/cdnoticias.com\/index.php\/wp-json\/wp\/v2\/categories?post=50679"},{"taxonomy":"post_tag","embeddable":true,"href":"https:\/\/cdnoticias.com\/index.php\/wp-json\/wp\/v2\/tags?post=50679"}],"curies":[{"name":"wp","href":"https:\/\/api.w.org\/{rel}","templated":true}]}}