{"id":50662,"date":"2022-04-02T19:39:08","date_gmt":"2022-04-02T22:39:08","guid":{"rendered":"https:\/\/www.centraldenoticias.com.ar\/?p=50662"},"modified":"2022-04-02T19:39:08","modified_gmt":"2022-04-02T22:39:08","slug":"omar-adalberto-avila-q-e-p-d","status":"publish","type":"post","link":"https:\/\/cdnoticias.com\/index.php\/2022\/04\/02\/omar-adalberto-avila-q-e-p-d\/","title":{"rendered":"Omar Adalberto \u00c1vila (Q.E.P.D.)"},"content":{"rendered":"<p>Falleci\u00f3 en Olavarr\u00eda el d\u00eda 2 de Abril de 2022 a los 65 a\u00f1os de edad.<\/p>\n<p>&nbsp;<\/p>\n<p>Sus restos ser\u00e1n velados en la sala de Espa\u00f1a 2942 departamento \u201cD\u201d desde las 06:00 de este domingo e inhumados en el Cementerio Loma de Paz a las 10:30. Servicio adherido a Coopelectric.<\/p>\n<p>&nbsp;<\/p>\n<p>Nacido en General La Madrid, jubilado.<\/p>\n","protected":false},"excerpt":{"rendered":"<p>Falleci\u00f3 en Olavarr\u00eda el d\u00eda 2 de Abril de 2022 a los 65 a\u00f1os de edad. &nbsp; Sus restos ser\u00e1n<\/p>\n","protected":false},"author":5,"featured_media":0,"comment_status":"closed","ping_status":"closed","sticky":false,"template":"","format":"standard","meta":{"_jetpack_memberships_contains_paid_content":false,"footnotes":""},"categories":[10],"tags":[],"class_list":["post-50662","post","type-post","status-publish","format-standard","hentry","category-necrologicas"],"jetpack_featured_media_url":"","jetpack_sharing_enabled":true,"_links":{"self":[{"href":"https:\/\/cdnoticias.com\/index.php\/wp-json\/wp\/v2\/posts\/50662","targetHints":{"allow":["GET"]}}],"collection":[{"href":"https:\/\/cdnoticias.com\/index.php\/wp-json\/wp\/v2\/posts"}],"about":[{"href":"https:\/\/cdnoticias.com\/index.php\/wp-json\/wp\/v2\/types\/post"}],"author":[{"embeddable":true,"href":"https:\/\/cdnoticias.com\/index.php\/wp-json\/wp\/v2\/users\/5"}],"replies":[{"embeddable":true,"href":"https:\/\/cdnoticias.com\/index.php\/wp-json\/wp\/v2\/comments?post=50662"}],"version-history":[{"count":0,"href":"https:\/\/cdnoticias.com\/index.php\/wp-json\/wp\/v2\/posts\/50662\/revisions"}],"wp:attachment":[{"href":"https:\/\/cdnoticias.com\/index.php\/wp-json\/wp\/v2\/media?parent=50662"}],"wp:term":[{"taxonomy":"category","embeddable":true,"href":"https:\/\/cdnoticias.com\/index.php\/wp-json\/wp\/v2\/categories?post=50662"},{"taxonomy":"post_tag","embeddable":true,"href":"https:\/\/cdnoticias.com\/index.php\/wp-json\/wp\/v2\/tags?post=50662"}],"curies":[{"name":"wp","href":"https:\/\/api.w.org\/{rel}","templated":true}]}}