{"id":50622,"date":"2022-04-02T15:40:59","date_gmt":"2022-04-02T18:40:59","guid":{"rendered":"https:\/\/www.centraldenoticias.com.ar\/?p=50622"},"modified":"2022-04-02T18:34:08","modified_gmt":"2022-04-02T21:34:08","slug":"plaza-martin-fierro-se-inauguro-una-placa-en-homenaje-a-los-veteranos-y-caidos-en-malvinas","status":"publish","type":"post","link":"https:\/\/cdnoticias.com\/index.php\/2022\/04\/02\/plaza-martin-fierro-se-inauguro-una-placa-en-homenaje-a-los-veteranos-y-caidos-en-malvinas\/","title":{"rendered":"Plaza Mart\u00edn Fierro: se inaugur\u00f3 una placa en homenaje a los Veteranos y Ca\u00eddos en Malvinas"},"content":{"rendered":"<p>La iniciativa fue llevada a cabo por el Frente de Todos en conjunto con los vecinos y vecinas del barrio.<!--more--><\/p>\n<hr \/>\n<p>Este s\u00e1bado 2 de abril a 40 a\u00f1os de la Gesta de Malvinas se inaugur\u00f3 una placa en la <strong>Plaza Mart\u00edn Fierro, ubicada en Berutti y Rend\u00f3n, en homenaje a los Veteranos y Ca\u00eddos en la Guerra.<\/strong><\/p>\n<p>&nbsp;<\/p>\n<p>De la actividad participaron integrantes de la Agrupaci\u00f3n Veteranos de Guerra \u201c2 de Abril\u201d, Ricardo Moreno, ex combatiente y vecino del barrio, Jorge Videla impulsor y qui\u00e9n est\u00e1 a cargo de la plaza, legisladores, funcionarios y vecinos y vecinas.<\/p>\n<p>&nbsp;<\/p>\n<p><img data-recalc-dims=\"1\" loading=\"lazy\" decoding=\"async\" class=\"aligncenter size-full wp-image-50625\" src=\"https:\/\/i0.wp.com\/cdnoticias.com\/wp-content\/uploads\/2022\/04\/WhatsApp-Image-2022-04-02-at-13.46.32.jpeg?resize=800%2C532&#038;ssl=1\" alt=\"\" width=\"800\" height=\"532\" srcset=\"https:\/\/i0.wp.com\/cdnoticias.com\/wp-content\/uploads\/2022\/04\/WhatsApp-Image-2022-04-02-at-13.46.32.jpeg?w=1280&amp;ssl=1 1280w, https:\/\/i0.wp.com\/cdnoticias.com\/wp-content\/uploads\/2022\/04\/WhatsApp-Image-2022-04-02-at-13.46.32.jpeg?resize=300%2C199&amp;ssl=1 300w, https:\/\/i0.wp.com\/cdnoticias.com\/wp-content\/uploads\/2022\/04\/WhatsApp-Image-2022-04-02-at-13.46.32.jpeg?resize=1024%2C681&amp;ssl=1 1024w, https:\/\/i0.wp.com\/cdnoticias.com\/wp-content\/uploads\/2022\/04\/WhatsApp-Image-2022-04-02-at-13.46.32.jpeg?resize=768%2C511&amp;ssl=1 768w, https:\/\/i0.wp.com\/cdnoticias.com\/wp-content\/uploads\/2022\/04\/WhatsApp-Image-2022-04-02-at-13.46.32.jpeg?resize=272%2C182&amp;ssl=1 272w\" sizes=\"auto, (max-width: 800px) 100vw, 800px\" \/><\/p>\n<p>&nbsp;<\/p>\n<p>La apertura estuvo a cargo de Federico Aguilera, el funcionario dio una breve bienvenida, agradeci\u00f3 a los presentes que se hayan acercado a compartir el homenaje y le dio la palabra a <strong>Ricardo Moreno, ex combatiente y vecino del barrio qui\u00e9n muy emocionado realiz\u00f3 un repaso sobre los d\u00edas en Malvinas y la importancia de esta fecha.<\/strong><\/p>\n<p>&nbsp;<\/p>\n<p>Luego procedieron a descubrir la placa y se entonaron las estrofas del Himno.<\/p>\n<p>&nbsp;<\/p>\n<p><img data-recalc-dims=\"1\" loading=\"lazy\" decoding=\"async\" class=\"aligncenter size-full wp-image-50624\" src=\"https:\/\/i0.wp.com\/cdnoticias.com\/wp-content\/uploads\/2022\/04\/WhatsApp-Image-2022-04-02-at-13.46.37.jpeg?resize=800%2C532&#038;ssl=1\" alt=\"\" width=\"800\" height=\"532\" srcset=\"https:\/\/i0.wp.com\/cdnoticias.com\/wp-content\/uploads\/2022\/04\/WhatsApp-Image-2022-04-02-at-13.46.37.jpeg?w=1280&amp;ssl=1 1280w, https:\/\/i0.wp.com\/cdnoticias.com\/wp-content\/uploads\/2022\/04\/WhatsApp-Image-2022-04-02-at-13.46.37.jpeg?resize=300%2C199&amp;ssl=1 300w, https:\/\/i0.wp.com\/cdnoticias.com\/wp-content\/uploads\/2022\/04\/WhatsApp-Image-2022-04-02-at-13.46.37.jpeg?resize=1024%2C681&amp;ssl=1 1024w, https:\/\/i0.wp.com\/cdnoticias.com\/wp-content\/uploads\/2022\/04\/WhatsApp-Image-2022-04-02-at-13.46.37.jpeg?resize=768%2C511&amp;ssl=1 768w, https:\/\/i0.wp.com\/cdnoticias.com\/wp-content\/uploads\/2022\/04\/WhatsApp-Image-2022-04-02-at-13.46.37.jpeg?resize=272%2C182&amp;ssl=1 272w\" sizes=\"auto, (max-width: 800px) 100vw, 800px\" \/><\/p>\n<p>&nbsp;<\/p>\n<p>Por \u00faltimo el Concejal Maximiliano Wesner agradeci\u00f3 a dos empresarios locales, Jorge Sobarzo y Tomas Barbieri, quienes armaron la estructura y coment\u00f3 en los proyectos que vienen trabajando desde el HCD en conmemoraci\u00f3n a la fecha.<\/p>\n","protected":false},"excerpt":{"rendered":"<p>La iniciativa fue llevada a cabo por el Frente de Todos en conjunto con los vecinos y vecinas del barrio.<\/p>\n","protected":false},"author":5,"featured_media":50626,"comment_status":"closed","ping_status":"closed","sticky":false,"template":"","format":"standard","meta":{"_jetpack_memberships_contains_paid_content":false,"footnotes":""},"categories":[5,1],"tags":[],"class_list":["post-50622","post","type-post","status-publish","format-standard","has-post-thumbnail","hentry","category-informacion-general","category-portada"],"jetpack_featured_media_url":"https:\/\/i0.wp.com\/cdnoticias.com\/wp-content\/uploads\/2022\/04\/WhatsApp-Image-2022-04-02-at-13.46.25.jpeg?fit=1280%2C851&ssl=1","jetpack_sharing_enabled":true,"_links":{"self":[{"href":"https:\/\/cdnoticias.com\/index.php\/wp-json\/wp\/v2\/posts\/50622","targetHints":{"allow":["GET"]}}],"collection":[{"href":"https:\/\/cdnoticias.com\/index.php\/wp-json\/wp\/v2\/posts"}],"about":[{"href":"https:\/\/cdnoticias.com\/index.php\/wp-json\/wp\/v2\/types\/post"}],"author":[{"embeddable":true,"href":"https:\/\/cdnoticias.com\/index.php\/wp-json\/wp\/v2\/users\/5"}],"replies":[{"embeddable":true,"href":"https:\/\/cdnoticias.com\/index.php\/wp-json\/wp\/v2\/comments?post=50622"}],"version-history":[{"count":0,"href":"https:\/\/cdnoticias.com\/index.php\/wp-json\/wp\/v2\/posts\/50622\/revisions"}],"wp:featuredmedia":[{"embeddable":true,"href":"https:\/\/cdnoticias.com\/index.php\/wp-json\/wp\/v2\/media\/50626"}],"wp:attachment":[{"href":"https:\/\/cdnoticias.com\/index.php\/wp-json\/wp\/v2\/media?parent=50622"}],"wp:term":[{"taxonomy":"category","embeddable":true,"href":"https:\/\/cdnoticias.com\/index.php\/wp-json\/wp\/v2\/categories?post=50622"},{"taxonomy":"post_tag","embeddable":true,"href":"https:\/\/cdnoticias.com\/index.php\/wp-json\/wp\/v2\/tags?post=50622"}],"curies":[{"name":"wp","href":"https:\/\/api.w.org\/{rel}","templated":true}]}}