{"id":50619,"date":"2022-04-02T14:44:40","date_gmt":"2022-04-02T17:44:40","guid":{"rendered":"https:\/\/www.centraldenoticias.com.ar\/?p=50619"},"modified":"2022-04-02T14:46:35","modified_gmt":"2022-04-02T17:46:35","slug":"yoelijohacer-una-empresa-textil-de-olavarria-y-su-linea-para-concientizar-sobre-el-autismo","status":"publish","type":"post","link":"https:\/\/cdnoticias.com\/index.php\/2022\/04\/02\/yoelijohacer-una-empresa-textil-de-olavarria-y-su-linea-para-concientizar-sobre-el-autismo\/","title":{"rendered":"#YoElijoHacer: una empresa textil de Olavarr\u00eda y su l\u00ednea para concientizar sobre el autismo"},"content":{"rendered":"<p>Adem\u00e1s, ceder\u00e1 una parte de sus ingresos para Corim, Talleres Protegidos y La Casa de Helen.<!--more--><\/p>\n<hr \/>\n<p><strong>Este s\u00e1bado por la ma\u00f1ana la empresa Agave present\u00f3 su l\u00ednea #YoElijoHacer que busca concientizar sobre el autismo<\/strong> a trav\u00e9s de un mensaje, cede ingresos a tres instituciones educativas locales que atienden a personas con discapacidades y adem\u00e1s se hizo hincapi\u00e9 en su aporte al medioambiente a trav\u00e9s del circuito de reciclado que ya tienen en marcha.<\/p>\n<p>&nbsp;<\/p>\n<p>Cabe recordar que <strong>este s\u00e1bado se conmemora el D\u00eda de Concientizaci\u00f3n sobre el Autismo.<\/strong><\/p>\n<p>&nbsp;<\/p>\n<p><img data-recalc-dims=\"1\" loading=\"lazy\" decoding=\"async\" class=\"size-full wp-image-50606 aligncenter\" src=\"https:\/\/i0.wp.com\/cdnoticias.com\/wp-content\/uploads\/2022\/04\/agave-01.jpg?resize=800%2C445&#038;ssl=1\" alt=\"\" width=\"800\" height=\"445\" srcset=\"https:\/\/i0.wp.com\/cdnoticias.com\/wp-content\/uploads\/2022\/04\/agave-01.jpg?w=800&amp;ssl=1 800w, https:\/\/i0.wp.com\/cdnoticias.com\/wp-content\/uploads\/2022\/04\/agave-01.jpg?resize=300%2C167&amp;ssl=1 300w, https:\/\/i0.wp.com\/cdnoticias.com\/wp-content\/uploads\/2022\/04\/agave-01.jpg?resize=768%2C427&amp;ssl=1 768w\" sizes=\"auto, (max-width: 800px) 100vw, 800px\" \/><\/p>\n<p>&nbsp;<\/p>\n<p>El encuentro fue en la sede de Pringles al 2300, donde se ubica el showroom y taller textil de Agave Sustentable. Fue definida como<strong> \u201cuna empresa de triple impacto\u201d<\/strong> y en esta ocasi\u00f3n, se destac\u00f3 su \u201cpata social\u201d.<\/p>\n<p>&nbsp;<\/p>\n<p>Estuvieron <strong>Cristian Grunewald, integrante de la firma,<\/strong> y las autoridades de <strong>Corim, Talleres Protegidos y La Casa de Helen<\/strong>, entidades que recibir\u00e1n una parte de los ingresos de las ventas de la l\u00ednea #YoElijoHacer. Son <strong>Graciela Mendoza<\/strong> directora de Corim, <strong>Julieta Schwab<\/strong> directora de La Casa de Helen y <strong>Rosita Muia<\/strong> directora de Talleres Protegidos. A su vez estuvo <strong>Hern\u00e1n Parra<\/strong>, activista en la visibilizaci\u00f3n del autismo en Olavarr\u00eda.<\/p>\n<p>&nbsp;<\/p>\n<p><img data-recalc-dims=\"1\" loading=\"lazy\" decoding=\"async\" class=\"size-full wp-image-50611 aligncenter\" src=\"https:\/\/i0.wp.com\/cdnoticias.com\/wp-content\/uploads\/2022\/04\/agave-04.jpg?resize=800%2C445&#038;ssl=1\" alt=\"\" width=\"800\" height=\"445\" srcset=\"https:\/\/i0.wp.com\/cdnoticias.com\/wp-content\/uploads\/2022\/04\/agave-04.jpg?w=800&amp;ssl=1 800w, https:\/\/i0.wp.com\/cdnoticias.com\/wp-content\/uploads\/2022\/04\/agave-04.jpg?resize=300%2C167&amp;ssl=1 300w, https:\/\/i0.wp.com\/cdnoticias.com\/wp-content\/uploads\/2022\/04\/agave-04.jpg?resize=768%2C427&amp;ssl=1 768w\" sizes=\"auto, (max-width: 800px) 100vw, 800px\" \/><\/p>\n<p>&nbsp;<\/p>\n<p>Grunewald se refiri\u00f3 a la nueva l\u00ednea que estar\u00e1 en venta desde el lunes, a su fabricaci\u00f3n con material reciclable y remarc\u00f3 que <strong>\u201ctenemos un sistema de econom\u00eda circular que se practica en Olavarr\u00eda\u201d<\/strong>.<\/p>\n<p>&nbsp;<\/p>\n<blockquote><p>Agave lanz\u00f3 una l\u00ednea de prendas con cinco modelos que se comercializar\u00e1n desde la plataforma de la empresa y el 40% de los ingresos se destinar\u00e1n a la Casa de Helen, Corim y Talleres Protegidos. \u201cEs una relaci\u00f3n permanente y no es coyuntural por la fecha\u201d enfatiz\u00f3 Grunewald y defini\u00f3 que estos productos \u201cest\u00e1n pensados para un usuario que no es una isla en la sociedad, que saben que se genera algo bueno para los dem\u00e1s\u201d.<\/p><\/blockquote>\n<p>&nbsp;<\/p>\n<p>Luego habl\u00f3 Julieta Schwab quien expres\u00f3 <strong>\u201cquiero destacar el slogan yo elijo hacer, es aportar un granito de arena\u201d<\/strong>.<\/p>\n<p>&nbsp;<\/p>\n<p><img data-recalc-dims=\"1\" loading=\"lazy\" decoding=\"async\" class=\"size-full wp-image-50612 aligncenter\" src=\"https:\/\/i0.wp.com\/cdnoticias.com\/wp-content\/uploads\/2022\/04\/agave-03.jpg?resize=800%2C445&#038;ssl=1\" alt=\"\" width=\"800\" height=\"445\" srcset=\"https:\/\/i0.wp.com\/cdnoticias.com\/wp-content\/uploads\/2022\/04\/agave-03.jpg?w=800&amp;ssl=1 800w, https:\/\/i0.wp.com\/cdnoticias.com\/wp-content\/uploads\/2022\/04\/agave-03.jpg?resize=300%2C167&amp;ssl=1 300w, https:\/\/i0.wp.com\/cdnoticias.com\/wp-content\/uploads\/2022\/04\/agave-03.jpg?resize=768%2C427&amp;ssl=1 768w\" sizes=\"auto, (max-width: 800px) 100vw, 800px\" \/><\/p>\n<p>&nbsp;<\/p>\n<p>A su turno, Rosita Muia plante\u00f3 diferencias personales con la conmemoraci\u00f3n de una fecha como el D\u00eda del Autismo aunque subray\u00f3 que \u201clo m\u00e1s importante para nosotros es incorporar a nuestros alumnos y nuestros chicos en la sociedad\u201d y valor\u00f3 <strong>\u201ces una iniciativa muy impactante porque no todos nos tienen en cuenta\u201d<\/strong>.<\/p>\n<p>&nbsp;<\/p>\n<p>Graciela Mendoza, de Corim, se mostr\u00f3 agradecida por la propuesta de la empresa local y apunt\u00f3 a la importancia de <strong>\u201cfavorecer la inserci\u00f3n laboral\u201d<\/strong>.<\/p>\n<p>&nbsp;<\/p>\n<p><img data-recalc-dims=\"1\" loading=\"lazy\" decoding=\"async\" class=\"size-large wp-image-50607 aligncenter\" src=\"https:\/\/i0.wp.com\/cdnoticias.com\/wp-content\/uploads\/2022\/04\/agave-02.jpg?resize=800%2C445&#038;ssl=1\" alt=\"\" width=\"800\" height=\"445\" srcset=\"https:\/\/i0.wp.com\/cdnoticias.com\/wp-content\/uploads\/2022\/04\/agave-02.jpg?resize=1024%2C570&amp;ssl=1 1024w, https:\/\/i0.wp.com\/cdnoticias.com\/wp-content\/uploads\/2022\/04\/agave-02.jpg?resize=300%2C167&amp;ssl=1 300w, https:\/\/i0.wp.com\/cdnoticias.com\/wp-content\/uploads\/2022\/04\/agave-02.jpg?resize=768%2C427&amp;ssl=1 768w, https:\/\/i0.wp.com\/cdnoticias.com\/wp-content\/uploads\/2022\/04\/agave-02.jpg?resize=1536%2C855&amp;ssl=1 1536w, https:\/\/i0.wp.com\/cdnoticias.com\/wp-content\/uploads\/2022\/04\/agave-02.jpg?resize=800%2C445&amp;ssl=1 800w, https:\/\/i0.wp.com\/cdnoticias.com\/wp-content\/uploads\/2022\/04\/agave-02.jpg?w=1890&amp;ssl=1 1890w, https:\/\/i0.wp.com\/cdnoticias.com\/wp-content\/uploads\/2022\/04\/agave-02.jpg?w=1600&amp;ssl=1 1600w\" sizes=\"auto, (max-width: 800px) 100vw, 800px\" \/><\/p>\n<p>&nbsp;<\/p>\n<p>Por \u00faltimo, Hern\u00e1n Parra agradeci\u00f3 \u201ca la familia Ponce\u201d, los propietarios de la empresa, y subray\u00f3 que <strong>\u201cson muy importantes las acciones. Vemos palabras y comentarios, pero no siempre vemos acciones\u201d.<\/strong><\/p>\n<p>&nbsp;<\/p>\n<p><strong>Las prendas llevan impresas las leyendas \u201cHablemos de autismo\u201d y \u201cYo elijo hacer\u201d<\/strong>, como forma de incentivar la concientizaci\u00f3n y visibilizaci\u00f3n sobre el tema. Su comercializaci\u00f3n ser\u00e1 a todo el pa\u00eds a partir del d\u00eda lunes.<\/p>\n<p>&nbsp;<\/p>\n<blockquote><p>\u201cQueremos que aquello que se venda tenga un sentido un poquito m\u00e1s profundo\u201d cerr\u00f3 Cristian Grunewald la presentaci\u00f3n p\u00fablica de la iniciativa de la empresa Agave.<\/p><\/blockquote>\n","protected":false},"excerpt":{"rendered":"<p>Adem\u00e1s, ceder\u00e1 una parte de sus ingresos para Corim, Talleres Protegidos y La Casa de Helen.<\/p>\n","protected":false},"author":4,"featured_media":50605,"comment_status":"closed","ping_status":"closed","sticky":false,"template":"","format":"standard","meta":{"_jetpack_memberships_contains_paid_content":false,"footnotes":""},"categories":[1],"tags":[],"class_list":["post-50619","post","type-post","status-publish","format-standard","has-post-thumbnail","hentry","category-portada"],"jetpack_featured_media_url":"https:\/\/i0.wp.com\/cdnoticias.com\/wp-content\/uploads\/2022\/04\/agave-00.jpg?fit=800%2C445&ssl=1","jetpack_sharing_enabled":true,"_links":{"self":[{"href":"https:\/\/cdnoticias.com\/index.php\/wp-json\/wp\/v2\/posts\/50619","targetHints":{"allow":["GET"]}}],"collection":[{"href":"https:\/\/cdnoticias.com\/index.php\/wp-json\/wp\/v2\/posts"}],"about":[{"href":"https:\/\/cdnoticias.com\/index.php\/wp-json\/wp\/v2\/types\/post"}],"author":[{"embeddable":true,"href":"https:\/\/cdnoticias.com\/index.php\/wp-json\/wp\/v2\/users\/4"}],"replies":[{"embeddable":true,"href":"https:\/\/cdnoticias.com\/index.php\/wp-json\/wp\/v2\/comments?post=50619"}],"version-history":[{"count":0,"href":"https:\/\/cdnoticias.com\/index.php\/wp-json\/wp\/v2\/posts\/50619\/revisions"}],"wp:featuredmedia":[{"embeddable":true,"href":"https:\/\/cdnoticias.com\/index.php\/wp-json\/wp\/v2\/media\/50605"}],"wp:attachment":[{"href":"https:\/\/cdnoticias.com\/index.php\/wp-json\/wp\/v2\/media?parent=50619"}],"wp:term":[{"taxonomy":"category","embeddable":true,"href":"https:\/\/cdnoticias.com\/index.php\/wp-json\/wp\/v2\/categories?post=50619"},{"taxonomy":"post_tag","embeddable":true,"href":"https:\/\/cdnoticias.com\/index.php\/wp-json\/wp\/v2\/tags?post=50619"}],"curies":[{"name":"wp","href":"https:\/\/api.w.org\/{rel}","templated":true}]}}