{"id":50615,"date":"2022-04-02T12:46:48","date_gmt":"2022-04-02T18:25:08","guid":{"rendered":"https:\/\/www.centraldenoticias.com.ar\/?p=50615"},"modified":"2025-02-02T02:42:48","modified_gmt":"2025-02-02T05:42:48","slug":"cecilia-y-gustavo-fernandez-fueron-los-mejores-en-la-carrera-de-malvinas","status":"publish","type":"post","link":"https:\/\/cdnoticias.com\/index.php\/2022\/04\/02\/cecilia-y-gustavo-fernandez-fueron-los-mejores-en-la-carrera-de-malvinas\/","title":{"rendered":"Cecilia y Gustavo Fern\u00e1ndez fueron los mejores en la \u201cCarrera de Malvinas\u201d"},"content":{"rendered":"<p>Este s\u00e1bado se corri\u00f3 la 15\u00b0 edici\u00f3n de la \u201cMarat\u00f3n Malvinas\u201d y tras dos a\u00f1os de parate por la pandemia, hubo m\u00e1s de trescientos corredores en las distancias de 3 y 8 kil\u00f3metros. Gustavo y Cecilia Fern\u00e1ndez fueron los ganadores.<!--more--><\/p>\n<hr \/>\n<p>Los 8 kil\u00f3metros de la carrera en homenaje a los Ca\u00eddos y Veteranos de Malvinas tuvieron dos claros dominadores ya que Gustavo Fern\u00e1ndez \u00a0aventaj\u00f3 por m\u00e1s de dos minutos a su inmediato perseguidor y Cecilia lleg\u00f3 con 5 minutos de ventaja.<\/p>\n<p>&nbsp;<\/p>\n<p>El m\u00e1s veloz de la prueba complet\u00f3 el novedoso recorrido con un tiempo de 24 minutos y 48 segundos, Ezequiel Magallanes fue el segundo con 26:09 y Leonardo Landaburu demor\u00f3 26:53 para ser tercero; el cuarto fue Diego D\u00edaz con 27:57 y el quinto, Manuel Santos con 28.17.<\/p>\n<p>&nbsp;<\/p>\n<p>Cecilia Fern\u00e1ndez gan\u00f3 desde la largada misma de la carrera y complet\u00f3 los dos giros en 29:26. Yamila Pedreira fue segunda con 33:28 y Laura Trumpio con 33:53 fue tercera. Nerina Morales y Florencia Ju\u00e1rez completaron el Top5 con 34:47 y 35:08 respectivamente.<\/p>\n<p>&nbsp;<\/p>\n<p>[soliloquy slug=&#8221;maraton-malvinas&#8221;]<\/p>\n<p>&nbsp;<\/p>\n<p>Adem\u00e1s del recorrido costeando el Club Estudiantes que tuvo la presencia de un importante n\u00famero de representantes del Ej\u00e9rcito Argentino, hubo una prueba de 3K completando una vuelta al parque donde ganaron Walter Rold\u00e1n con 10:43 y Carla Pacheco con 13:21.<\/p>\n","protected":false},"excerpt":{"rendered":"<p>Este s\u00e1bado se corri\u00f3 la 15\u00b0 edici\u00f3n de la \u201cMarat\u00f3n Malvinas\u201d y tras dos a\u00f1os de parate por la pandemia,<\/p>\n","protected":false},"author":96739694,"featured_media":146264,"comment_status":"closed","ping_status":"closed","sticky":false,"template":"","format":"standard","meta":{"_jetpack_memberships_contains_paid_content":false,"footnotes":""},"categories":[38,1],"tags":[],"class_list":["post-50615","post","type-post","status-publish","format-standard","has-post-thumbnail","hentry","category-pedestrismo","category-portada"],"jetpack_featured_media_url":"https:\/\/i0.wp.com\/cdnoticias.com\/wp-content\/uploads\/2022\/04\/maratonmalvinas-7.png?fit=1280%2C853&ssl=1","jetpack_sharing_enabled":true,"_links":{"self":[{"href":"https:\/\/cdnoticias.com\/index.php\/wp-json\/wp\/v2\/posts\/50615","targetHints":{"allow":["GET"]}}],"collection":[{"href":"https:\/\/cdnoticias.com\/index.php\/wp-json\/wp\/v2\/posts"}],"about":[{"href":"https:\/\/cdnoticias.com\/index.php\/wp-json\/wp\/v2\/types\/post"}],"author":[{"embeddable":true,"href":"https:\/\/cdnoticias.com\/index.php\/wp-json\/wp\/v2\/users\/96739694"}],"replies":[{"embeddable":true,"href":"https:\/\/cdnoticias.com\/index.php\/wp-json\/wp\/v2\/comments?post=50615"}],"version-history":[{"count":0,"href":"https:\/\/cdnoticias.com\/index.php\/wp-json\/wp\/v2\/posts\/50615\/revisions"}],"wp:featuredmedia":[{"embeddable":true,"href":"https:\/\/cdnoticias.com\/index.php\/wp-json\/wp\/v2\/media\/146264"}],"wp:attachment":[{"href":"https:\/\/cdnoticias.com\/index.php\/wp-json\/wp\/v2\/media?parent=50615"}],"wp:term":[{"taxonomy":"category","embeddable":true,"href":"https:\/\/cdnoticias.com\/index.php\/wp-json\/wp\/v2\/categories?post=50615"},{"taxonomy":"post_tag","embeddable":true,"href":"https:\/\/cdnoticias.com\/index.php\/wp-json\/wp\/v2\/tags?post=50615"}],"curies":[{"name":"wp","href":"https:\/\/api.w.org\/{rel}","templated":true}]}}