{"id":50595,"date":"2022-04-02T12:11:52","date_gmt":"2022-04-02T15:11:52","guid":{"rendered":"https:\/\/www.centraldenoticias.com.ar\/?p=50595"},"modified":"2022-04-02T12:11:52","modified_gmt":"2022-04-02T15:11:52","slug":"foro-olavarria-fr-reedito-veteranos-hijos-e-hijas-de-la-guerra","status":"publish","type":"post","link":"https:\/\/cdnoticias.com\/index.php\/2022\/04\/02\/foro-olavarria-fr-reedito-veteranos-hijos-e-hijas-de-la-guerra\/","title":{"rendered":"Foro Olavarr\u00eda &#8211; FR reedit\u00f3 \u201cVeteranos: hijos e hijas de la Guerra\u201d"},"content":{"rendered":"<p>El espacio se sum\u00f3 a los homenajes por los 40 a\u00f1os de Malvinas del Instituto Cultural. Producci\u00f3n especial de la banda \u201cLa Profec\u00eda\u201d.<\/p>\n<p><!--more--><\/p>\n<hr \/>\n<p><strong>Foro Olavarr\u00eda &#8211; Frente Renovador<\/strong>, espacio que conducen Eduardo Rodr\u00edguez, la concejala In\u00e9s Creimer y el concejal Gast\u00f3n Sarachu, <strong>se sum\u00f3 a los homenajes por los 40 a\u00f1os de Malvinas<\/strong>, en l\u00ednea con la realizaci\u00f3n de la 1ra edici\u00f3n de <strong>\u201cHechos de Canciones: Reimaginando el sonido bonaerense\u201d<\/strong>.<\/p>\n<p>&nbsp;<\/p>\n<p>Este evento, dedicado a los 40 a\u00f1os de la guerra de Malvinas, <strong>rinde homenaje a trav\u00e9s de un cancionero popular en voces de artistas contempor\u00e1neos, repensado desde la cultura y el paisaje de las Islas<\/strong>. Cont\u00f3 con lectura de cartas que enviaron ex combatientes desde el frente. Se realiz\u00f3 este viernes a las 22:30 horas v\u00eda streaming.<\/p>\n<p>&nbsp;<\/p>\n<p><iframe loading=\"lazy\" title=\"YouTube video player\" src=\"https:\/\/www.youtube.com\/embed\/Iagq9rwOShE\" width=\"560\" height=\"315\" frameborder=\"0\" allowfullscreen=\"allowfullscreen\"><\/iframe><\/p>\n<p>&nbsp;<\/p>\n<p><strong>Para la ocasi\u00f3n, el Foro Olavarr\u00eda &#8211; Frente Renovador comparti\u00f3 un video musical a cargo de la banda local &#8220;La Profec\u00eda&#8221;<\/strong>. La agrupaci\u00f3n, compuesta por Mauro Montero en voz y guitarra, Osvaldo Roth a cargo de guitarra y coros, Federico Sacher en bajo y Jorge Luna en bater\u00eda, interpreta su canci\u00f3n <strong>&#8220;Clase 63&#8221;<\/strong>, la cual es un homenaje a los h\u00e9roes de Malvinas.<\/p>\n<p>&nbsp;<\/p>\n<p><strong>El v\u00eddeo y la m\u00fasica fueron grabados en los estudios CTR, especialmente para esta fecha<\/strong>. El videoclip se encuentra disponible en el canal de YouTube del Foro Olavarr\u00eda:<\/p>\n<p>&nbsp;<\/p>\n<div class=\"jetpack-video-wrapper\"><iframe loading=\"lazy\" title=\"\ud83d\udd0a La Profec\u00eda - Clase &#039;63 (Veteranos soundtrack)\" width=\"800\" height=\"450\" src=\"https:\/\/www.youtube.com\/embed\/dwyVM0v7fJ0?feature=oembed\" frameborder=\"0\" allow=\"accelerometer; autoplay; clipboard-write; encrypted-media; gyroscope; picture-in-picture\" allowfullscreen><\/iframe><\/div>\n<p>&nbsp;<\/p>\n<p>&nbsp;<\/p>\n<p><strong>A ello se sum\u00f3 la reedici\u00f3n de \u201cVeteranos: hijos e hijas de la Guerra\u201d<\/strong>, una producci\u00f3n audiovisual que aborda el D\u00eda del Veterano y los Ca\u00eddos en la Guerra de Malvinas desde la perspectiva de los hijos, las hijas y familiares de los ex combatientes.<\/p>\n<p>&nbsp;<\/p>\n<p>De este modo, <strong>el material recupera la voz de aquellas personas m\u00e1s allegadas a quienes combatieron en el enfrentamiento b\u00e9lico de 1982<\/strong>. A trav\u00e9s de distintas conversaciones, los protagonistas comparten experiencias, reflexiones y emociones logrando una producci\u00f3n \u00edntima y cargada de emotividad.<\/p>\n<p>&nbsp;<\/p>\n<div class=\"jetpack-video-wrapper\"><iframe loading=\"lazy\" title=\"\ud83c\udfac Veteranos: &#039;&#039;Hijos e hijas de la Guerra&#039;&#039;\" width=\"800\" height=\"450\" src=\"https:\/\/www.youtube.com\/embed\/eLAInjC9KFg?start=488&#038;feature=oembed\" frameborder=\"0\" allow=\"accelerometer; autoplay; clipboard-write; encrypted-media; gyroscope; picture-in-picture\" allowfullscreen><\/iframe><\/div>\n","protected":false},"excerpt":{"rendered":"<p>El espacio se sum\u00f3 a los homenajes por los 40 a\u00f1os de Malvinas del Instituto Cultural. Producci\u00f3n especial de la<\/p>\n","protected":false},"author":4,"featured_media":50597,"comment_status":"closed","ping_status":"closed","sticky":false,"template":"","format":"standard","meta":{"_jetpack_memberships_contains_paid_content":false,"footnotes":""},"categories":[5,1],"tags":[],"class_list":["post-50595","post","type-post","status-publish","format-standard","has-post-thumbnail","hentry","category-informacion-general","category-portada"],"jetpack_featured_media_url":"https:\/\/i0.wp.com\/cdnoticias.com\/wp-content\/uploads\/2022\/04\/Veteranos.jpg?fit=800%2C500&ssl=1","jetpack_sharing_enabled":true,"_links":{"self":[{"href":"https:\/\/cdnoticias.com\/index.php\/wp-json\/wp\/v2\/posts\/50595","targetHints":{"allow":["GET"]}}],"collection":[{"href":"https:\/\/cdnoticias.com\/index.php\/wp-json\/wp\/v2\/posts"}],"about":[{"href":"https:\/\/cdnoticias.com\/index.php\/wp-json\/wp\/v2\/types\/post"}],"author":[{"embeddable":true,"href":"https:\/\/cdnoticias.com\/index.php\/wp-json\/wp\/v2\/users\/4"}],"replies":[{"embeddable":true,"href":"https:\/\/cdnoticias.com\/index.php\/wp-json\/wp\/v2\/comments?post=50595"}],"version-history":[{"count":0,"href":"https:\/\/cdnoticias.com\/index.php\/wp-json\/wp\/v2\/posts\/50595\/revisions"}],"wp:featuredmedia":[{"embeddable":true,"href":"https:\/\/cdnoticias.com\/index.php\/wp-json\/wp\/v2\/media\/50597"}],"wp:attachment":[{"href":"https:\/\/cdnoticias.com\/index.php\/wp-json\/wp\/v2\/media?parent=50595"}],"wp:term":[{"taxonomy":"category","embeddable":true,"href":"https:\/\/cdnoticias.com\/index.php\/wp-json\/wp\/v2\/categories?post=50595"},{"taxonomy":"post_tag","embeddable":true,"href":"https:\/\/cdnoticias.com\/index.php\/wp-json\/wp\/v2\/tags?post=50595"}],"curies":[{"name":"wp","href":"https:\/\/api.w.org\/{rel}","templated":true}]}}