{"id":50591,"date":"2022-04-02T11:51:28","date_gmt":"2022-04-02T14:51:28","guid":{"rendered":"https:\/\/www.centraldenoticias.com.ar\/?p=50591"},"modified":"2022-04-02T14:13:19","modified_gmt":"2022-04-02T17:13:19","slug":"covid-este-sabado-hay-vacunacion-en-el-paseo-jesus-mendia","status":"publish","type":"post","link":"https:\/\/cdnoticias.com\/index.php\/2022\/04\/02\/covid-este-sabado-hay-vacunacion-en-el-paseo-jesus-mendia\/","title":{"rendered":"Covid: este s\u00e1bado hay vacunaci\u00f3n en el Paseo Jes\u00fas Mend\u00eda y el domingo, en Parque Helios Eseverri"},"content":{"rendered":"<p>Adem\u00e1s, desde la Regi\u00f3n Sanitaria IX se inform\u00f3 que entre el 26 de marzo y el 1\u00ba de abril se aplicaron casi 900 vacunas en Olavarr\u00eda.<!--more--><\/p>\n<hr \/>\n<p><strong>En la semana correspondiente del 26 de marzo al 1 de abril<\/strong> se aplicaron 466 terceras dosis, sobre <strong>un total de 894 personas vacunadas<\/strong>.<\/p>\n<p>&nbsp;<\/p>\n<p>La <strong>Regi\u00f3n Sanitaria IX<\/strong> detall\u00f3 que se distribuyeron de la siguiente manera: en la <strong>Pe\u00f1a Ciudad de Olavarr\u00eda Boca Jr.<\/strong> se inocularon 325 personas; en la <strong>Mutual Carlos A. Moreno de Suteba<\/strong> se aplicaron 161 dosis; y en las <strong>postas itinerantes<\/strong> fueron 408 los vecinos y vecinas vacunadas.<\/p>\n<p>&nbsp;<\/p>\n<p><img data-recalc-dims=\"1\" loading=\"lazy\" decoding=\"async\" class=\"aligncenter wp-image-50593\" src=\"https:\/\/i0.wp.com\/cdnoticias.com\/wp-content\/uploads\/2022\/04\/vacunacion-covid-region-ix-2.jpeg?resize=500%2C499&#038;ssl=1\" alt=\"\" width=\"500\" height=\"499\" srcset=\"https:\/\/i0.wp.com\/cdnoticias.com\/wp-content\/uploads\/2022\/04\/vacunacion-covid-region-ix-2.jpeg?w=960&amp;ssl=1 960w, https:\/\/i0.wp.com\/cdnoticias.com\/wp-content\/uploads\/2022\/04\/vacunacion-covid-region-ix-2.jpeg?resize=300%2C300&amp;ssl=1 300w, https:\/\/i0.wp.com\/cdnoticias.com\/wp-content\/uploads\/2022\/04\/vacunacion-covid-region-ix-2.jpeg?resize=150%2C150&amp;ssl=1 150w, https:\/\/i0.wp.com\/cdnoticias.com\/wp-content\/uploads\/2022\/04\/vacunacion-covid-region-ix-2.jpeg?resize=768%2C767&amp;ssl=1 768w\" sizes=\"auto, (max-width: 500px) 100vw, 500px\" \/><\/p>\n<p>&nbsp;<\/p>\n<blockquote><p>La campa\u00f1a de vacunaci\u00f3n continua este s\u00e1bado de 10 a 14 con aplicaciones en el Paseo Jes\u00fas Mend\u00eda y el domingo, en el Parque Helios Eseverri de 14 a 18.<\/p><\/blockquote>\n<p>&nbsp;<\/p>\n<p>Sigue la aplicaci\u00f3n de <strong>refuerzo libre para mayores de 12 a\u00f1os<\/strong> siempre y cuando se hayan cumplido 4 meses desde la \u00faltima aplicaci\u00f3n o desde que completaron su esquema inicial de vacunaci\u00f3n.<\/p>\n<p>&nbsp;<\/p>\n<p>A la par, las personas <strong>inmunocomprometidas y mayores de 50 con dos dosis de Sinopharm pueden vacunarse con cuarta dosis de forma libre<\/strong> para completar su esquema, una vez pasados los 4 meses de su \u00faltima aplicaci\u00f3n.<\/p>\n<p>&nbsp;<\/p>\n<p><img data-recalc-dims=\"1\" loading=\"lazy\" decoding=\"async\" class=\"aligncenter wp-image-50592\" src=\"https:\/\/i0.wp.com\/cdnoticias.com\/wp-content\/uploads\/2022\/04\/vacunacion-covid-region-ix-1.jpeg?resize=500%2C499&#038;ssl=1\" alt=\"\" width=\"500\" height=\"499\" \/><\/p>\n<p>&nbsp;<\/p>\n<p>Por consultas, podr\u00e1n acercarse a cualquiera de las dos postas: Mutual Carlos Alberto Moreno, ubicada en Collinet 4544, de 8 a 14 hs, y en la Pe\u00f1a Ciudad de Olavarr\u00eda Boca Jr., Chacabuco 4366, de 8 a 16 hs.<\/p>\n<p>&nbsp;<\/p>\n<p>En cuanto a las actividades preventivas en el Centro Provincial de Testeos, contin\u00faan los hisopados en el sal\u00f3n de Club El Fort\u00edn (Urquiza 2981), de lunes a viernes de 7 a 11 hs, destinadas a mayores de 60, personas de riesgo o embarazadas.<\/p>\n","protected":false},"excerpt":{"rendered":"<p>Adem\u00e1s, desde la Regi\u00f3n Sanitaria IX se inform\u00f3 que entre el 26 de marzo y el 1\u00ba de abril se<\/p>\n","protected":false},"author":4,"featured_media":47541,"comment_status":"closed","ping_status":"closed","sticky":false,"template":"","format":"standard","meta":{"_jetpack_memberships_contains_paid_content":false,"footnotes":""},"categories":[16,1],"tags":[],"class_list":["post-50591","post","type-post","status-publish","format-standard","has-post-thumbnail","hentry","category-covid-19","category-portada"],"jetpack_featured_media_url":"https:\/\/i0.wp.com\/cdnoticias.com\/wp-content\/uploads\/2022\/02\/noche-de-las-vacunas-00.jpg?fit=800%2C445&ssl=1","jetpack_sharing_enabled":true,"_links":{"self":[{"href":"https:\/\/cdnoticias.com\/index.php\/wp-json\/wp\/v2\/posts\/50591","targetHints":{"allow":["GET"]}}],"collection":[{"href":"https:\/\/cdnoticias.com\/index.php\/wp-json\/wp\/v2\/posts"}],"about":[{"href":"https:\/\/cdnoticias.com\/index.php\/wp-json\/wp\/v2\/types\/post"}],"author":[{"embeddable":true,"href":"https:\/\/cdnoticias.com\/index.php\/wp-json\/wp\/v2\/users\/4"}],"replies":[{"embeddable":true,"href":"https:\/\/cdnoticias.com\/index.php\/wp-json\/wp\/v2\/comments?post=50591"}],"version-history":[{"count":0,"href":"https:\/\/cdnoticias.com\/index.php\/wp-json\/wp\/v2\/posts\/50591\/revisions"}],"wp:featuredmedia":[{"embeddable":true,"href":"https:\/\/cdnoticias.com\/index.php\/wp-json\/wp\/v2\/media\/47541"}],"wp:attachment":[{"href":"https:\/\/cdnoticias.com\/index.php\/wp-json\/wp\/v2\/media?parent=50591"}],"wp:term":[{"taxonomy":"category","embeddable":true,"href":"https:\/\/cdnoticias.com\/index.php\/wp-json\/wp\/v2\/categories?post=50591"},{"taxonomy":"post_tag","embeddable":true,"href":"https:\/\/cdnoticias.com\/index.php\/wp-json\/wp\/v2\/tags?post=50591"}],"curies":[{"name":"wp","href":"https:\/\/api.w.org\/{rel}","templated":true}]}}