{"id":50586,"date":"2022-04-02T13:59:51","date_gmt":"2022-04-02T16:59:51","guid":{"rendered":"https:\/\/www.centraldenoticias.com.ar\/?p=50586"},"modified":"2022-04-02T13:59:51","modified_gmt":"2022-04-02T16:59:51","slug":"arba-suma-facilidades-a-su-plan-permanente-de-pago","status":"publish","type":"post","link":"https:\/\/cdnoticias.com\/index.php\/2022\/04\/02\/arba-suma-facilidades-a-su-plan-permanente-de-pago\/","title":{"rendered":"ARBA suma facilidades a su plan permanente de pago"},"content":{"rendered":"<p>Los cambios rigen desde el lunes. Se busca beneficiar a contribuyentes que tuvieron dificultades para cumplir.<!--more--><\/p>\n<hr \/>\n<p><strong>La Agencia de Recaudaci\u00f3n de la provincia de Buenos Aires ampli\u00f3 el alcance de su plan permanente de pago<\/strong> y sum\u00f3 nuevos beneficios para que las y los contribuyentes bonaerenses puedan regularizar deudas de todos los impuestos que se encuentren vencidas al 31 de diciembre de 2021.<\/p>\n<p>&nbsp;<\/p>\n<blockquote><p>Cristian Girard, director de ARBA, explic\u00f3 que \u201chicimos una reingenier\u00eda de nuestro plan permanente de pago para adaptarlo al contexto actual, que es una etapa de pospandemia en la que ya retomamos la normalidad\u201d.<\/p><\/blockquote>\n<p>&nbsp;<\/p>\n<p>En ese sentido, se\u00f1al\u00f3 que \u201csi bien estamos dando vuelta la p\u00e1gina, para dejar atr\u00e1s las moratorias y los beneficios especiales que implementamos desde la Provincia durante la crisis generada por el Covid, <strong>somos conscientes de que tenemos que seguir acompa\u00f1ando a quienes tuvieron dificultades para cumplir<\/strong>, flexibilizando las condiciones para que puedan ponerse al d\u00eda\u201d.<\/p>\n<p>&nbsp;<\/p>\n<p>\u201cPor eso, esta adecuaci\u00f3n del plan contempla una <strong>extensi\u00f3n de plazos para financiar deudas<\/strong> y brinda un <strong>alivio a quienes enfrentan medidas cautelares<\/strong>. La intenci\u00f3n es que las y los contribuyentes que deban impuestos tengan la posibilidad de regularizar su situaci\u00f3n con m\u00e1s facilidades de pago\u201d, subray\u00f3 Girard.<\/p>\n<p>&nbsp;<\/p>\n<p><img data-recalc-dims=\"1\" loading=\"lazy\" decoding=\"async\" class=\"aligncenter wp-image-50589\" src=\"https:\/\/i0.wp.com\/cdnoticias.com\/wp-content\/uploads\/2022\/04\/ARBA-Girard.jpeg?resize=500%2C749&#038;ssl=1\" alt=\"\" width=\"500\" height=\"749\" srcset=\"https:\/\/i0.wp.com\/cdnoticias.com\/wp-content\/uploads\/2022\/04\/ARBA-Girard.jpeg?resize=683%2C1024&amp;ssl=1 683w, https:\/\/i0.wp.com\/cdnoticias.com\/wp-content\/uploads\/2022\/04\/ARBA-Girard.jpeg?resize=200%2C300&amp;ssl=1 200w, https:\/\/i0.wp.com\/cdnoticias.com\/wp-content\/uploads\/2022\/04\/ARBA-Girard.jpeg?resize=768%2C1151&amp;ssl=1 768w, https:\/\/i0.wp.com\/cdnoticias.com\/wp-content\/uploads\/2022\/04\/ARBA-Girard.jpeg?w=854&amp;ssl=1 854w\" sizes=\"auto, (max-width: 500px) 100vw, 500px\" \/><\/p>\n<p>&nbsp;<\/p>\n<p>Seg\u00fan la resoluci\u00f3n normativa 07\/22 de ARBA publicada en el Bolet\u00edn Oficial de la Provincia, el plan permanente de regularizaci\u00f3n estar\u00e1 <strong>vigente desde el pr\u00f3ximo 4 de abril<\/strong> y se extender\u00e1 a los <em>impuestos Inmobiliario (B\u00e1sico y Complementario), Automotores, Embarcaciones Deportivas, Ingresos Brutos y Sellos<\/em>.<\/p>\n<p>&nbsp;<\/p>\n<p>Abarcar\u00e1 aquellas <strong>deudas con el fisco bonaerense vencidas al 31 de diciembre de 2021<\/strong>, ya sea en etapa prejudicial o judicial, o bien en proceso de fiscalizaci\u00f3n, y tambi\u00e9n comprender\u00e1 a todos los planes de pago que se encuentren caducos a esa fecha.<\/p>\n<p>&nbsp;<\/p>\n<p>Hasta el momento, el programa permanente s\u00f3lo inclu\u00eda la posibilidad de regularizar deudas devengadas al 31 de agosto del a\u00f1o anterior, por lo que su extensi\u00f3n hasta el final de diciembre <strong>permitir\u00e1 financiar una mayor cantidad de cuotas impagas<\/strong>.<\/p>\n<p>&nbsp;<\/p>\n<p>Las deudas prejudiciales contar\u00e1n con <strong>opciones de pago de hasta 60 cuotas<\/strong>. En tanto que el financiamiento para las que est\u00e1n en proceso de fiscalizaci\u00f3n o en instancia judicial llegar\u00e1 a un m\u00e1ximo de 48 cuotas, ampliando las facilidades que exist\u00edan anteriormente. En todos los casos, se requerir\u00e1 abonar un anticipo del 5%.<\/p>\n<p>&nbsp;<\/p>\n<blockquote class=\"twitter-tweet\">\n<p dir=\"ltr\" lang=\"es\">\u25b6\ufe0f Se pueden financiar en hasta 48 cuotas y tambi\u00e9n se habilit\u00f3 la posibilidad de incluir deudas generadas hasta el 31\/12\/21.<br \/>\n*\ufe0f\u20e3 Ahora con solo cancelar un 10% de la deuda, ya se puede levantar el embargo.<\/p>\n<p>\ud83d\udcbb M\u00e1s info \ud83d\udc49 <a href=\"https:\/\/t.co\/2AY756Fka5\">https:\/\/t.co\/2AY756Fka5<\/a> <a href=\"https:\/\/t.co\/dvcxQNjOeU\">pic.twitter.com\/dvcxQNjOeU<\/a><\/p>\n<p>\u2014 ARBA (@arba) <a href=\"https:\/\/twitter.com\/arba\/status\/1509898538309894145?ref_src=twsrc%5Etfw\">April 1, 2022<\/a><\/p><\/blockquote>\n<p><script async src=\"https:\/\/platform.twitter.com\/widgets.js\" charset=\"utf-8\"><\/script><\/p>\n<p>&nbsp;<\/p>\n<p>Respecto de las <strong>medidas cautelares<\/strong> que enfrentan quienes se encuentran en etapa judicial, se establece en la resoluci\u00f3n que para lograr el levantamiento deber\u00e1n regularizar la totalidad de la deuda y tener abonado un importe equivalente al 10% del plan.<\/p>\n<p>&nbsp;<\/p>\n<p>Sobre este punto, Girard destac\u00f3 que \u201cse trata de un beneficio muy importante que <strong>favorecer\u00e1 en especial a las pymes y contribuyentes de ingresos bajos y medios<\/strong>, ya que en los programas anteriores para lograr el levantamiento de las medidas cautelares se necesitaba tener abonado el 30% del total del plan\u201d.<\/p>\n<p>&nbsp;<\/p>\n<blockquote><p>\u201cAhora, cumpliendo solamente con el pago del 10% de la deuda regularizada podr\u00e1n levantar las cautelares y disponer de esos fondos o activos que se encontraban inmovilizados\u201d, explic\u00f3 el director de ARBA.<\/p><\/blockquote>\n<p>&nbsp;<\/p>\n<p>Para conocer m\u00e1s detalles del programa, realizar consultas o tramitar su adhesi\u00f3n a trav\u00e9s de la web, las y los contribuyentes deber\u00e1n ingresar en <strong>arba.gob.ar<\/strong>. Quienes prefieran la gesti\u00f3n presencial, tendr\u00e1n la opci\u00f3n de concurrir a cualquiera de los centros de servicio de la Agencia de Recaudaci\u00f3n.<\/p>\n","protected":false},"excerpt":{"rendered":"<p>Los cambios rigen desde el lunes. Se busca beneficiar a contribuyentes que tuvieron dificultades para cumplir.<\/p>\n","protected":false},"author":4,"featured_media":50587,"comment_status":"closed","ping_status":"closed","sticky":false,"template":"","format":"standard","meta":{"_jetpack_memberships_contains_paid_content":false,"footnotes":""},"categories":[6],"tags":[],"class_list":["post-50586","post","type-post","status-publish","format-standard","has-post-thumbnail","hentry","category-nacionales"],"jetpack_featured_media_url":"https:\/\/i0.wp.com\/cdnoticias.com\/wp-content\/uploads\/2022\/04\/ARBA-plan-de-pagos-scaled.jpg?fit=2560%2C1709&ssl=1","jetpack_sharing_enabled":true,"_links":{"self":[{"href":"https:\/\/cdnoticias.com\/index.php\/wp-json\/wp\/v2\/posts\/50586","targetHints":{"allow":["GET"]}}],"collection":[{"href":"https:\/\/cdnoticias.com\/index.php\/wp-json\/wp\/v2\/posts"}],"about":[{"href":"https:\/\/cdnoticias.com\/index.php\/wp-json\/wp\/v2\/types\/post"}],"author":[{"embeddable":true,"href":"https:\/\/cdnoticias.com\/index.php\/wp-json\/wp\/v2\/users\/4"}],"replies":[{"embeddable":true,"href":"https:\/\/cdnoticias.com\/index.php\/wp-json\/wp\/v2\/comments?post=50586"}],"version-history":[{"count":0,"href":"https:\/\/cdnoticias.com\/index.php\/wp-json\/wp\/v2\/posts\/50586\/revisions"}],"wp:featuredmedia":[{"embeddable":true,"href":"https:\/\/cdnoticias.com\/index.php\/wp-json\/wp\/v2\/media\/50587"}],"wp:attachment":[{"href":"https:\/\/cdnoticias.com\/index.php\/wp-json\/wp\/v2\/media?parent=50586"}],"wp:term":[{"taxonomy":"category","embeddable":true,"href":"https:\/\/cdnoticias.com\/index.php\/wp-json\/wp\/v2\/categories?post=50586"},{"taxonomy":"post_tag","embeddable":true,"href":"https:\/\/cdnoticias.com\/index.php\/wp-json\/wp\/v2\/tags?post=50586"}],"curies":[{"name":"wp","href":"https:\/\/api.w.org\/{rel}","templated":true}]}}