{"id":50579,"date":"2022-04-01T20:38:55","date_gmt":"2022-04-01T23:42:03","guid":{"rendered":"https:\/\/www.centraldenoticias.com.ar\/?p=50579"},"modified":"2025-02-02T02:43:07","modified_gmt":"2025-02-02T05:43:07","slug":"bataracito-mas-de-100-partidos-en-la-jornada-inaugural","status":"publish","type":"post","link":"https:\/\/cdnoticias.com\/index.php\/2022\/04\/01\/bataracito-mas-de-100-partidos-en-la-jornada-inaugural\/","title":{"rendered":"\u201cBataracito\u201d: m\u00e1s de 100 partidos en la jornada inaugural"},"content":{"rendered":"<p>Este viernes en el Parque Guerrero, y en diversas sedes, dio comienzo la 8\u00b0 edici\u00f3n del \u201cBataracito\u201d y en su primera jornada hubo m\u00e1s de 100 partidos.<!--more--><\/p>\n<hr \/>\n<p>El torneo m\u00e1s importante de la Provincia para el v\u00f3ley formativo comenz\u00f3 con m\u00e1s de 90 equipos en las categor\u00edas Sub 14 a Sub 18 en femenino y masculino que disputaron partidos desde la ma\u00f1ana hasta el anochecer.<\/p>\n<p>&nbsp;<\/p>\n<p>Los partidos de la jornada inaugural se jugaron en los gimnasios del Parque Guerrero y tambi\u00e9n en San Antonio, Rosario y Escuela N\u00b017 que contaron con la presencia de Juan Emilio Incaurgarat, presidente del \u201cBataraz\u201d.<\/p>\n<p>&nbsp;<\/p>\n<p>Por otro lado, el padrino del evento, Jos\u00e9 \u201cMosquito\u201d Montesano public\u00f3 en sus redes sociales un saludo a los m\u00e1s de 1000 presentes y se enorgulleci\u00f3 de la magnitud del certamen: &#8221; <em>Un a\u00f1o m\u00e1s, uno m\u00e1s y parece mentira. Tremendo torneo, en crecimiento constante. Felices por todos y todas los que lo organizan y por qui\u00e9nes participan. Es un orgullo apadrinar el Torneo; siempre en mi coraz\u00f3n<\/em>\u201d.<\/p>\n<p>&nbsp;<\/p>\n<p>Adem\u00e1s, en las inmediaciones de los gimnasios se ubic\u00f3 la \u201cCarpa Hauswagen\u201d donde los presentes disfrutaron de un \u00e1gape.<\/p>\n<p>&nbsp;<\/p>\n<p>[soliloquy slug=&#8221;bataracito-2&#8243;]<\/p>\n<p>&nbsp;<\/p>\n<p>\u201cLa parte de la competencia est\u00e1 buen\u00edsima, a todos nos gusta jugar, ganar, pero la cuesti\u00f3n social es fundamental. Los chicos se ven, que la pasen bien, que se manifiesten, por eso tenemos sorpresas, estamos muy contentos&#8221;, sostuvo Guillermo Ducuing y agreg\u00f3: &#8220;tenemos armadas siete canchas en los tres gimnasios, es un mont\u00f3n. Adem\u00e1s, hay lugares de contenci\u00f3n, los espacios bien cuidados, hay que agradecer a la gente que trabaja, a los empleados que han trabajado tanto para que esto quede tan hermoso\u201d.<\/p>\n<p>&nbsp;<\/p>\n<p>La actividad continuar\u00e1 entre s\u00e1bado y domingo con m\u00e1s partidos, las instancias decisivas y como la previa a la Fiesta del \u201cBataracito\u201d, habr\u00e1 un desaf\u00edo entre los docentes.<\/p>\n<p>&nbsp;<\/p>\n<p>&nbsp;<\/p>\n","protected":false},"excerpt":{"rendered":"<p>Este viernes en el Parque Guerrero, y en diversas sedes, dio comienzo la 8\u00b0 edici\u00f3n del \u201cBataracito\u201d y en su<\/p>\n","protected":false},"author":96739694,"featured_media":146278,"comment_status":"closed","ping_status":"closed","sticky":false,"template":"","format":"standard","meta":{"_jetpack_memberships_contains_paid_content":false,"footnotes":""},"categories":[30,1],"tags":[],"class_list":["post-50579","post","type-post","status-publish","format-standard","has-post-thumbnail","hentry","category-polideportivo","category-portada"],"jetpack_featured_media_url":"https:\/\/i0.wp.com\/cdnoticias.com\/wp-content\/uploads\/2022\/04\/bataracito-1.png?fit=1280%2C853&ssl=1","jetpack_sharing_enabled":true,"_links":{"self":[{"href":"https:\/\/cdnoticias.com\/index.php\/wp-json\/wp\/v2\/posts\/50579","targetHints":{"allow":["GET"]}}],"collection":[{"href":"https:\/\/cdnoticias.com\/index.php\/wp-json\/wp\/v2\/posts"}],"about":[{"href":"https:\/\/cdnoticias.com\/index.php\/wp-json\/wp\/v2\/types\/post"}],"author":[{"embeddable":true,"href":"https:\/\/cdnoticias.com\/index.php\/wp-json\/wp\/v2\/users\/96739694"}],"replies":[{"embeddable":true,"href":"https:\/\/cdnoticias.com\/index.php\/wp-json\/wp\/v2\/comments?post=50579"}],"version-history":[{"count":0,"href":"https:\/\/cdnoticias.com\/index.php\/wp-json\/wp\/v2\/posts\/50579\/revisions"}],"wp:featuredmedia":[{"embeddable":true,"href":"https:\/\/cdnoticias.com\/index.php\/wp-json\/wp\/v2\/media\/146278"}],"wp:attachment":[{"href":"https:\/\/cdnoticias.com\/index.php\/wp-json\/wp\/v2\/media?parent=50579"}],"wp:term":[{"taxonomy":"category","embeddable":true,"href":"https:\/\/cdnoticias.com\/index.php\/wp-json\/wp\/v2\/categories?post=50579"},{"taxonomy":"post_tag","embeddable":true,"href":"https:\/\/cdnoticias.com\/index.php\/wp-json\/wp\/v2\/tags?post=50579"}],"curies":[{"name":"wp","href":"https:\/\/api.w.org\/{rel}","templated":true}]}}