{"id":50564,"date":"2022-04-01T19:22:29","date_gmt":"2022-04-01T22:22:29","guid":{"rendered":"https:\/\/www.centraldenoticias.com.ar\/?p=50564"},"modified":"2022-04-01T19:26:10","modified_gmt":"2022-04-01T22:26:10","slug":"radio-universidad-presenta-ricardo-moreno-soldado-de-potrero","status":"publish","type":"post","link":"https:\/\/cdnoticias.com\/index.php\/2022\/04\/01\/radio-universidad-presenta-ricardo-moreno-soldado-de-potrero\/","title":{"rendered":"Radio Universidad presenta \u201cRicardo Moreno: Soldado de potrero\u201d"},"content":{"rendered":"<p>A 40 a\u00f1os de Malvinas, este s\u00e1bado 2 de abril a las 10 se transmitir\u00e1 la entrevista documental al veterano olavarriense.<!--more--><\/p>\n<hr \/>\n<p>Este s\u00e1bado 2 de abril a las 10 horas, Radio Universidad FM 90.1 transmitir\u00e1 la entrevista documental<strong> \u201cRicardo Moreno: Soldado de potrero\u201d.<\/strong> La producci\u00f3n fue realizada en el marco de la convocatoria <strong>\u201c40 Malvinas Ciclo de Programas Especiales por la Gesta del Atl\u00e1ntico Sur\u201d<\/strong>, de la Asociaci\u00f3n de Radiodifusoras Universitarias Nacionales Argentinas, ARUNA.<\/p>\n<p>&nbsp;<\/p>\n<p>En esta pieza sonora, <strong>Ricardo Moreno, veterano de la Guerra de Malvinas, de la ciudad de Olavarr\u00eda, comparte sus recuerdos, sentimientos, reflexiones de la experiencia en Malvinas<\/strong> y lo que signific\u00f3 para \u00e9l participar de esta gesta patri\u00f3tica. A modo de reconocimiento por su entrega y generosidad, escuchamos<strong> voces de personas allegadas, vinculadas a su historia de vida.<\/strong><\/p>\n<p>&nbsp;<\/p>\n<blockquote><p>La contribuci\u00f3n social que sustenta esta producci\u00f3n es la posibilidad de recordar, para brindar nuestro aporte sobre la construcci\u00f3n de la memoria, en homenaje a quienes lucharon, cayeron y a quienes sobrevivieron a la Guerra.<\/p><\/blockquote>\n<p>&nbsp;<\/p>\n<p>En esta ocasi\u00f3n <strong>la radio nos permite contar la historia de Malvinas desde la sensibilidad, en primera persona.<\/strong> Recordar, para que no vuelva a suceder un acontecimiento de car\u00e1cter traum\u00e1tico que sign\u00f3 la vida de miles de j\u00f3venes que, desde todo el pa\u00eds, fueron llevados a una guerra injusta en condiciones de extrema desigualdad. Y para desarticular el derecho a la soberan\u00eda de todas las estrategias gubernamentales basadas en la violencia y el exterminio del otro.<\/p>\n<p>&nbsp;<\/p>\n<p><strong>El ciclo completo &#8220;40 Malvinas&#8221; podr\u00e1 escucharse por FM 90.1 a partir de abril, de lunes a viernes a las 13 horas.<\/strong> Mientras tanto, desde Radio Universidad agradecemos especialmente a Ricardo Moreno por, una vez m\u00e1s, abrir su coraz\u00f3n que guarda un tramo de nuestra historia; a Candelaria Moreno y familia por su aporte central a la producci\u00f3n de esta entrevista; a Claudio Vidovi, amigo y vecino de Ricardo Moreno desde su infancia; a Alfredo Maciel, Suboficial del Ej\u00e9rcito Argentino en 1982 y a Fabiana La Spina, familiar de Gem\u00e1n La Spina, Veterano de guerra.<\/p>\n<p>&nbsp;<\/p>\n<p>El equipo est\u00e1 compuesto por C\u00e9sar Edery (conducci\u00f3n), Candelaria Moreno y Celeste Briguez (producci\u00f3n), Melisa Manrique (operaci\u00f3n t\u00e9cnica) y Sebasti\u00e1n Lindner (coordinaci\u00f3n general).<\/p>\n","protected":false},"excerpt":{"rendered":"<p>A 40 a\u00f1os de Malvinas, este s\u00e1bado 2 de abril a las 10 se transmitir\u00e1 la entrevista documental al veterano<\/p>\n","protected":false},"author":5,"featured_media":50567,"comment_status":"closed","ping_status":"closed","sticky":false,"template":"","format":"standard","meta":{"_jetpack_memberships_contains_paid_content":false,"footnotes":""},"categories":[5,1],"tags":[],"class_list":["post-50564","post","type-post","status-publish","format-standard","has-post-thumbnail","hentry","category-informacion-general","category-portada"],"jetpack_featured_media_url":"https:\/\/i0.wp.com\/cdnoticias.com\/wp-content\/uploads\/2022\/04\/ricardomoreno.png?fit=1080%2C1080&ssl=1","jetpack_sharing_enabled":true,"_links":{"self":[{"href":"https:\/\/cdnoticias.com\/index.php\/wp-json\/wp\/v2\/posts\/50564","targetHints":{"allow":["GET"]}}],"collection":[{"href":"https:\/\/cdnoticias.com\/index.php\/wp-json\/wp\/v2\/posts"}],"about":[{"href":"https:\/\/cdnoticias.com\/index.php\/wp-json\/wp\/v2\/types\/post"}],"author":[{"embeddable":true,"href":"https:\/\/cdnoticias.com\/index.php\/wp-json\/wp\/v2\/users\/5"}],"replies":[{"embeddable":true,"href":"https:\/\/cdnoticias.com\/index.php\/wp-json\/wp\/v2\/comments?post=50564"}],"version-history":[{"count":0,"href":"https:\/\/cdnoticias.com\/index.php\/wp-json\/wp\/v2\/posts\/50564\/revisions"}],"wp:featuredmedia":[{"embeddable":true,"href":"https:\/\/cdnoticias.com\/index.php\/wp-json\/wp\/v2\/media\/50567"}],"wp:attachment":[{"href":"https:\/\/cdnoticias.com\/index.php\/wp-json\/wp\/v2\/media?parent=50564"}],"wp:term":[{"taxonomy":"category","embeddable":true,"href":"https:\/\/cdnoticias.com\/index.php\/wp-json\/wp\/v2\/categories?post=50564"},{"taxonomy":"post_tag","embeddable":true,"href":"https:\/\/cdnoticias.com\/index.php\/wp-json\/wp\/v2\/tags?post=50564"}],"curies":[{"name":"wp","href":"https:\/\/api.w.org\/{rel}","templated":true}]}}