{"id":50557,"date":"2022-04-01T17:32:18","date_gmt":"2022-04-01T20:32:18","guid":{"rendered":"https:\/\/www.centraldenoticias.com.ar\/?p=50557"},"modified":"2022-04-01T18:28:54","modified_gmt":"2022-04-01T21:28:54","slug":"covid-19-tan-solo-8-pacientes-transitan-la-enfermedad-en-olavarria","status":"publish","type":"post","link":"https:\/\/cdnoticias.com\/index.php\/2022\/04\/01\/covid-19-tan-solo-8-pacientes-transitan-la-enfermedad-en-olavarria\/","title":{"rendered":"Covid-19: Tan solo 8 pacientes transitan la enfermedad en Olavarr\u00eda"},"content":{"rendered":"<p>El dato se conoci\u00f3 en el informe sanitario semanal. En el Hospital Municipal hay un paciente internado en Cl\u00ednica Covid.<!--more--><\/p>\n<hr \/>\n<p>Este viernes se conoci\u00f3 el informe sanitario correspondiente a la <strong>semana del 28 de marzo al 1 de abril.<\/strong><\/p>\n<p>&nbsp;<\/p>\n<p>Las autoridades de salud, se\u00f1alaron que durante este per\u00edodo <strong>se analizaron 224 testeos, de los cuales 7 fueron positivos<\/strong> y 217 negativos para Covid-19.<\/p>\n<p>&nbsp;<\/p>\n<p>En ese sentido, se indic\u00f3 que luego de que 24 personas recibieran el alta m\u00e9dica,<strong> hasta el momento en Olavarr\u00eda son 8 los pacientes que transitan la enfermedad.<\/strong><\/p>\n<p>&nbsp;<\/p>\n<p><img data-recalc-dims=\"1\" loading=\"lazy\" decoding=\"async\" class=\"aligncenter size-full wp-image-50558\" src=\"https:\/\/i0.wp.com\/cdnoticias.com\/wp-content\/uploads\/2022\/04\/WhatsApp-Image-2022-04-01-at-5.01.13-PM.jpeg?resize=800%2C799&#038;ssl=1\" alt=\"\" width=\"800\" height=\"799\" srcset=\"https:\/\/i0.wp.com\/cdnoticias.com\/wp-content\/uploads\/2022\/04\/WhatsApp-Image-2022-04-01-at-5.01.13-PM.jpeg?w=1280&amp;ssl=1 1280w, https:\/\/i0.wp.com\/cdnoticias.com\/wp-content\/uploads\/2022\/04\/WhatsApp-Image-2022-04-01-at-5.01.13-PM.jpeg?resize=300%2C300&amp;ssl=1 300w, https:\/\/i0.wp.com\/cdnoticias.com\/wp-content\/uploads\/2022\/04\/WhatsApp-Image-2022-04-01-at-5.01.13-PM.jpeg?resize=1024%2C1024&amp;ssl=1 1024w, https:\/\/i0.wp.com\/cdnoticias.com\/wp-content\/uploads\/2022\/04\/WhatsApp-Image-2022-04-01-at-5.01.13-PM.jpeg?resize=150%2C150&amp;ssl=1 150w, https:\/\/i0.wp.com\/cdnoticias.com\/wp-content\/uploads\/2022\/04\/WhatsApp-Image-2022-04-01-at-5.01.13-PM.jpeg?resize=768%2C767&amp;ssl=1 768w\" sizes=\"auto, (max-width: 800px) 100vw, 800px\" \/><\/p>\n<p>&nbsp;<\/p>\n<p>Adem\u00e1s, se\u00f1alaron que el 63% de estos pacientes tiene menos de 60 a\u00f1os, y la positividad semanal fue del 3.1%. <strong>Desde el inicio de la Pandemia al d\u00eda de la fecha, se analizaron m\u00e1s de 81 mil testeos.<\/strong><\/p>\n<p>&nbsp;<\/p>\n<p><img data-recalc-dims=\"1\" loading=\"lazy\" decoding=\"async\" class=\"aligncenter size-full wp-image-50560\" src=\"https:\/\/i0.wp.com\/cdnoticias.com\/wp-content\/uploads\/2022\/04\/WhatsApp-Image-2022-04-01-at-5.01.15-PM.jpeg?resize=800%2C800&#038;ssl=1\" alt=\"\" width=\"800\" height=\"800\" srcset=\"https:\/\/i0.wp.com\/cdnoticias.com\/wp-content\/uploads\/2022\/04\/WhatsApp-Image-2022-04-01-at-5.01.15-PM.jpeg?w=1280&amp;ssl=1 1280w, https:\/\/i0.wp.com\/cdnoticias.com\/wp-content\/uploads\/2022\/04\/WhatsApp-Image-2022-04-01-at-5.01.15-PM.jpeg?resize=300%2C300&amp;ssl=1 300w, https:\/\/i0.wp.com\/cdnoticias.com\/wp-content\/uploads\/2022\/04\/WhatsApp-Image-2022-04-01-at-5.01.15-PM.jpeg?resize=1024%2C1024&amp;ssl=1 1024w, https:\/\/i0.wp.com\/cdnoticias.com\/wp-content\/uploads\/2022\/04\/WhatsApp-Image-2022-04-01-at-5.01.15-PM.jpeg?resize=150%2C150&amp;ssl=1 150w, https:\/\/i0.wp.com\/cdnoticias.com\/wp-content\/uploads\/2022\/04\/WhatsApp-Image-2022-04-01-at-5.01.15-PM.jpeg?resize=768%2C768&amp;ssl=1 768w\" sizes=\"auto, (max-width: 800px) 100vw, 800px\" \/><\/p>\n<p>&nbsp;<\/p>\n<p>Por \u00faltimo, se inform\u00f3 que en el Hospital Municipal \u201cDr. H\u00e9ctor M. Cura\u201d<strong> hay un paciente internado en Cl\u00ednica Covid.<\/strong><\/p>\n","protected":false},"excerpt":{"rendered":"<p>El dato se conoci\u00f3 en el informe sanitario semanal. En el Hospital Municipal hay un paciente internado en Cl\u00ednica Covid.<\/p>\n","protected":false},"author":5,"featured_media":0,"comment_status":"closed","ping_status":"closed","sticky":false,"template":"","format":"standard","meta":{"_jetpack_memberships_contains_paid_content":false,"footnotes":""},"categories":[16,1],"tags":[],"class_list":["post-50557","post","type-post","status-publish","format-standard","hentry","category-covid-19","category-portada"],"jetpack_featured_media_url":"","jetpack_sharing_enabled":true,"_links":{"self":[{"href":"https:\/\/cdnoticias.com\/index.php\/wp-json\/wp\/v2\/posts\/50557","targetHints":{"allow":["GET"]}}],"collection":[{"href":"https:\/\/cdnoticias.com\/index.php\/wp-json\/wp\/v2\/posts"}],"about":[{"href":"https:\/\/cdnoticias.com\/index.php\/wp-json\/wp\/v2\/types\/post"}],"author":[{"embeddable":true,"href":"https:\/\/cdnoticias.com\/index.php\/wp-json\/wp\/v2\/users\/5"}],"replies":[{"embeddable":true,"href":"https:\/\/cdnoticias.com\/index.php\/wp-json\/wp\/v2\/comments?post=50557"}],"version-history":[{"count":0,"href":"https:\/\/cdnoticias.com\/index.php\/wp-json\/wp\/v2\/posts\/50557\/revisions"}],"wp:attachment":[{"href":"https:\/\/cdnoticias.com\/index.php\/wp-json\/wp\/v2\/media?parent=50557"}],"wp:term":[{"taxonomy":"category","embeddable":true,"href":"https:\/\/cdnoticias.com\/index.php\/wp-json\/wp\/v2\/categories?post=50557"},{"taxonomy":"post_tag","embeddable":true,"href":"https:\/\/cdnoticias.com\/index.php\/wp-json\/wp\/v2\/tags?post=50557"}],"curies":[{"name":"wp","href":"https:\/\/api.w.org\/{rel}","templated":true}]}}