{"id":50530,"date":"2022-04-01T11:23:31","date_gmt":"2022-04-01T14:23:31","guid":{"rendered":"https:\/\/www.centraldenoticias.com.ar\/?p=50530"},"modified":"2022-04-01T11:23:31","modified_gmt":"2022-04-01T14:23:31","slug":"la-direccion-de-licencias-no-atendera-este-sabado","status":"publish","type":"post","link":"https:\/\/cdnoticias.com\/index.php\/2022\/04\/01\/la-direccion-de-licencias-no-atendera-este-sabado\/","title":{"rendered":"La Direcci\u00f3n de Licencias no atender\u00e1 este s\u00e1bado"},"content":{"rendered":"<p>Se debe a que es el feriado nacional en conmemoraci\u00f3n del D\u00eda del Veterano y de los Ca\u00eddos en la Guerra de Malvinas. El 9 de abril s\u00ed habr\u00e1 atenci\u00f3n para renovar licencias.<!--more--><\/p>\n<hr \/>\n<p>La <strong>Direcci\u00f3n de Licencias de Conducir<\/strong> inform\u00f3 que, debido a que <strong>este s\u00e1bado 2 de abril es el feriado conmemorativo por el D\u00eda del Veterano y de los Ca\u00eddos en la Guerra de Malvinas, no se brindar\u00e1 atenci\u00f3n al p\u00fablico.<\/strong><\/p>\n<p>&nbsp;<\/p>\n<p><strong>El s\u00e1bado 9 de abril se retomar\u00e1 el horario sabatino habitual.<\/strong><\/p>\n<p>&nbsp;<\/p>\n<p><a href=\"https:\/\/cdnoticias.com\/index.php\/2022\/03\/15\/licencias-de-conducir-atendera-los-sabados-por-renovacion-de-carnets\/\" target=\"_blank\" rel=\"noopener\">La dependencia ampli\u00f3 su atenci\u00f3n desde el 26 de marzo<\/a>: personal del \u00e1rea comenz\u00f3 a atender los d\u00edas s\u00e1bados, de 8 a 13 horas en el Sal\u00f3n Rivadavia del palacio San Mart\u00edn, <strong>para quien requiera realizar el tr\u00e1mite de renovaci\u00f3n de las licencias con vencimiento en 2022.<\/strong><\/p>\n<p>&nbsp;<\/p>\n<p><strong>Charla sobre examen te\u00f3rico para obtenci\u00f3n de licencias<\/strong><\/p>\n<p>&nbsp;<\/p>\n<p>Desde la Direcci\u00f3n de Licencias de Conducir se informa que<strong> el jueves14 de abril ser\u00e1 la pr\u00f3xima charla te\u00f3rica, para quienes crean necesario el apoyo te\u00f3rico al momento de renovar u obtener la Licencia por primera vez.<\/strong><\/p>\n<p>&nbsp;<\/p>\n<p>Dicha charla,<strong> dictada por Carlos Sotuyo,<\/strong> tendr\u00e1 lugar desde las 19 horas en el Sal\u00f3n Rivadavia (sede de Licencias de Conducir). Se trata de una nueva edici\u00f3n de un ciclo de charlas que se desarrolla desde el mes de febrero.<\/p>\n<p>&nbsp;<\/p>\n<p><strong>La charla de este jueves ser\u00e1 con cupo limitado y est\u00e1 pensada para mayores de 71 a\u00f1os<\/strong>, aunque no es excluyente para quienes (en cualquier grupo etario) deseen presentarse.<\/p>\n","protected":false},"excerpt":{"rendered":"<p>Se debe a que es el feriado nacional en conmemoraci\u00f3n del D\u00eda del Veterano y de los Ca\u00eddos en la<\/p>\n","protected":false},"author":4,"featured_media":2308,"comment_status":"closed","ping_status":"closed","sticky":false,"template":"","format":"standard","meta":{"_jetpack_memberships_contains_paid_content":false,"footnotes":""},"categories":[5,1],"tags":[],"class_list":["post-50530","post","type-post","status-publish","format-standard","has-post-thumbnail","hentry","category-informacion-general","category-portada"],"jetpack_featured_media_url":"https:\/\/i0.wp.com\/cdnoticias.com\/wp-content\/uploads\/2020\/09\/Lic.-Conducir-Sal%C3%B3n-Rivadavia-4-1024x683.jpg?fit=1024%2C683&ssl=1","jetpack_sharing_enabled":true,"_links":{"self":[{"href":"https:\/\/cdnoticias.com\/index.php\/wp-json\/wp\/v2\/posts\/50530","targetHints":{"allow":["GET"]}}],"collection":[{"href":"https:\/\/cdnoticias.com\/index.php\/wp-json\/wp\/v2\/posts"}],"about":[{"href":"https:\/\/cdnoticias.com\/index.php\/wp-json\/wp\/v2\/types\/post"}],"author":[{"embeddable":true,"href":"https:\/\/cdnoticias.com\/index.php\/wp-json\/wp\/v2\/users\/4"}],"replies":[{"embeddable":true,"href":"https:\/\/cdnoticias.com\/index.php\/wp-json\/wp\/v2\/comments?post=50530"}],"version-history":[{"count":0,"href":"https:\/\/cdnoticias.com\/index.php\/wp-json\/wp\/v2\/posts\/50530\/revisions"}],"wp:featuredmedia":[{"embeddable":true,"href":"https:\/\/cdnoticias.com\/index.php\/wp-json\/wp\/v2\/media\/2308"}],"wp:attachment":[{"href":"https:\/\/cdnoticias.com\/index.php\/wp-json\/wp\/v2\/media?parent=50530"}],"wp:term":[{"taxonomy":"category","embeddable":true,"href":"https:\/\/cdnoticias.com\/index.php\/wp-json\/wp\/v2\/categories?post=50530"},{"taxonomy":"post_tag","embeddable":true,"href":"https:\/\/cdnoticias.com\/index.php\/wp-json\/wp\/v2\/tags?post=50530"}],"curies":[{"name":"wp","href":"https:\/\/api.w.org\/{rel}","templated":true}]}}