{"id":50521,"date":"2022-04-01T10:29:39","date_gmt":"2022-04-01T13:29:39","guid":{"rendered":"https:\/\/www.centraldenoticias.com.ar\/?p=50521"},"modified":"2022-04-01T13:01:57","modified_gmt":"2022-04-01T16:01:57","slug":"kicillof-y-berni-volveran-a-olavarria","status":"publish","type":"post","link":"https:\/\/cdnoticias.com\/index.php\/2022\/04\/01\/kicillof-y-berni-volveran-a-olavarria\/","title":{"rendered":"Kicillof y Berni volver\u00e1n a Olavarr\u00eda"},"content":{"rendered":"<p>Se espera su llegada en el transcurso de la semana pr\u00f3xima con anuncios vinculados a la divisi\u00f3n de Patrulla Rural de la Polic\u00eda Bonaerense.<!--more--><\/p>\n<hr \/>\n<p><strong>El gobernador Axel Kicillof y el ministro de Seguridad provincial, Sergio Berni, volver\u00e1n a Olavarr\u00eda<\/strong>.<\/p>\n<p>&nbsp;<\/p>\n<p>Si bien las visitas no fueron confirmadas de manera oficial, trascendi\u00f3 que<strong> llegar\u00e1n la semana pr\u00f3xima en forma conjunta y que la agenda estar\u00e1 vinculada a la divisi\u00f3n de Patrulla Rural<\/strong> de la Polic\u00eda Bonaerense.<\/p>\n<p>&nbsp;<\/p>\n<p>Cabe se\u00f1alar que<strong> la semana pasada dej\u00f3 el cargo de Jefe Zonal de la Coordinaci\u00f3n de Patrulla Rural, comisario inspector Marcos Patelli<\/strong>, quien pas\u00f3 a retiro. En este sentido, se espera que la llegada de Kicillof y Berni coincida con la <strong>asunci\u00f3n del nuevo titular.<\/strong><\/p>\n<p>&nbsp;<\/p>\n<p><img data-recalc-dims=\"1\" loading=\"lazy\" decoding=\"async\" class=\"size-full wp-image-50525 aligncenter\" src=\"https:\/\/i0.wp.com\/cdnoticias.com\/wp-content\/uploads\/2022\/04\/kicillof-berni-00.jpg?resize=800%2C445&#038;ssl=1\" alt=\"\" width=\"800\" height=\"445\" srcset=\"https:\/\/i0.wp.com\/cdnoticias.com\/wp-content\/uploads\/2022\/04\/kicillof-berni-00.jpg?w=800&amp;ssl=1 800w, https:\/\/i0.wp.com\/cdnoticias.com\/wp-content\/uploads\/2022\/04\/kicillof-berni-00.jpg?resize=300%2C167&amp;ssl=1 300w, https:\/\/i0.wp.com\/cdnoticias.com\/wp-content\/uploads\/2022\/04\/kicillof-berni-00.jpg?resize=768%2C427&amp;ssl=1 768w\" sizes=\"auto, (max-width: 800px) 100vw, 800px\" \/><\/p>\n<p>&nbsp;<\/p>\n<p>Se pudo saber adem\u00e1s que la persona a asumir en la Jefatura Zonal <strong>ya fue elegida por el Ministerio de Seguridad provincial<\/strong>.<\/p>\n<p>&nbsp;<\/p>\n<p>Adem\u00e1s, en el corto plazo<strong> terminar\u00e1n su formaci\u00f3n los estudiantes de la Escuela de Polic\u00eda que funciona en Loma Negra donde se especializan en tem\u00e1ticas de delitos rurales<\/strong>.<\/p>\n<p>&nbsp;<\/p>\n<p><strong>El propio <a href=\"https:\/\/cdnoticias.com\/index.php\/2021\/10\/14\/llego-el-gobernador-kicillof-y-entregan-22-patrulleros-para-azul-y-olavarria\/\" target=\"_blank\" rel=\"noopener\">Sergio Berni junto a Axel Kicillof estuvieron en octubre pasado<\/a> <\/strong>y se comprometieron a destinar al personal a fortalecer la Patrulla Rural local. En aquella ocasi\u00f3n, los funcionarios provinciales hab\u00edan arribado pocos d\u00eda despu\u00e9s del resultado electoral adverso en las PASO para el oficialismo nacional y bonaerense, y las actividades centrales fueron la entrega de patrulleros a Olavarr\u00eda y Azul y<a href=\"https:\/\/cdnoticias.com\/index.php\/2021\/10\/14\/kicillof-anuncio-suba-salarial-y-en-las-horas-cores-en-el-acto-en-olavarria\/\" target=\"_blank\" rel=\"noopener\"> el anuncio de la suba salarial para el personal policial<\/a>.<\/p>\n","protected":false},"excerpt":{"rendered":"<p>Se espera su llegada en el transcurso de la semana pr\u00f3xima con anuncios vinculados a la divisi\u00f3n de Patrulla Rural<\/p>\n","protected":false},"author":4,"featured_media":35473,"comment_status":"closed","ping_status":"closed","sticky":false,"template":"","format":"standard","meta":{"_jetpack_memberships_contains_paid_content":false,"footnotes":""},"categories":[4,1],"tags":[],"class_list":["post-50521","post","type-post","status-publish","format-standard","has-post-thumbnail","hentry","category-politica","category-portada"],"jetpack_featured_media_url":"https:\/\/i0.wp.com\/cdnoticias.com\/wp-content\/uploads\/2021\/10\/cronica-kicillof-olavarria20.jpg?fit=4608%2C2564&ssl=1","jetpack_sharing_enabled":true,"_links":{"self":[{"href":"https:\/\/cdnoticias.com\/index.php\/wp-json\/wp\/v2\/posts\/50521","targetHints":{"allow":["GET"]}}],"collection":[{"href":"https:\/\/cdnoticias.com\/index.php\/wp-json\/wp\/v2\/posts"}],"about":[{"href":"https:\/\/cdnoticias.com\/index.php\/wp-json\/wp\/v2\/types\/post"}],"author":[{"embeddable":true,"href":"https:\/\/cdnoticias.com\/index.php\/wp-json\/wp\/v2\/users\/4"}],"replies":[{"embeddable":true,"href":"https:\/\/cdnoticias.com\/index.php\/wp-json\/wp\/v2\/comments?post=50521"}],"version-history":[{"count":0,"href":"https:\/\/cdnoticias.com\/index.php\/wp-json\/wp\/v2\/posts\/50521\/revisions"}],"wp:featuredmedia":[{"embeddable":true,"href":"https:\/\/cdnoticias.com\/index.php\/wp-json\/wp\/v2\/media\/35473"}],"wp:attachment":[{"href":"https:\/\/cdnoticias.com\/index.php\/wp-json\/wp\/v2\/media?parent=50521"}],"wp:term":[{"taxonomy":"category","embeddable":true,"href":"https:\/\/cdnoticias.com\/index.php\/wp-json\/wp\/v2\/categories?post=50521"},{"taxonomy":"post_tag","embeddable":true,"href":"https:\/\/cdnoticias.com\/index.php\/wp-json\/wp\/v2\/tags?post=50521"}],"curies":[{"name":"wp","href":"https:\/\/api.w.org\/{rel}","templated":true}]}}