{"id":50519,"date":"2022-04-01T10:05:02","date_gmt":"2022-04-01T13:05:02","guid":{"rendered":"https:\/\/www.centraldenoticias.com.ar\/?p=50519"},"modified":"2022-04-01T10:29:54","modified_gmt":"2022-04-01T13:29:54","slug":"el-concejal-coscia-apunto-a-la-interna-del-gobierno","status":"publish","type":"post","link":"https:\/\/cdnoticias.com\/index.php\/2022\/04\/01\/el-concejal-coscia-apunto-a-la-interna-del-gobierno\/","title":{"rendered":"El concejal Coscia apunt\u00f3 a la \u201cinterna del Gobierno\u201d y se quej\u00f3 de obras demoradas"},"content":{"rendered":"<p>El representante de Juntos record\u00f3 que a\u00fan no se inici\u00f3 la anunciada rotonda en 226 a la altura de Hinojo. \u201cLa interna del Gobierno nos est\u00e1 dejando sin obras a los olavarrienses\u201d dijo.<!--more--><\/p>\n<hr \/>\n<p><strong>El concejal de Juntos Carlos Coscia se refiri\u00f3 al no inicio de la obra de la rotonda en la localidad de Hinojo<\/strong> que <a href=\"https:\/\/cdnoticias.com\/index.php\/2021\/07\/15\/obras-en-la-ruta-226-se-construira-una-rotonda-en-el-acceso-a-hinojo\/\" target=\"_blank\" rel=\"noopener\">anunci\u00f3 en julio del a\u00f1o pasado el Subsecretario de Miner\u00eda Federico Aguilera junto al ministro de Obras P\u00fablicas de la Naci\u00f3n Gabriel Katopodis<\/a>.<\/p>\n<p>&nbsp;<\/p>\n<blockquote><p>\u201cParece que la interna del gobierno nacional entre el albertismo y La C\u00e1mpora nos est\u00e1 dejando sin obras a los vecinos del Partido de Olavarr\u00eda\u201d, expres\u00f3 el edil que responde al intendente Ezequiel Galli.<\/p><\/blockquote>\n<p>&nbsp;<\/p>\n<p>En este sentido, explic\u00f3: \u201cesperemos que la interna feroz de la que se ocupa \u00faltimamente el oficialismo nacional y provincial<strong> no sea un impedimento para gestionar en favor de los olavarrienses\u201d.\u00a0<\/strong>\u201cEn julio del a\u00f1o pasado anunciaron con bombos y platillos una obra que iba a comenzar en septiembre y <strong>ten\u00eda fecha de finalizaci\u00f3n en diciembre, pero hasta ahora no hemos visto nada\u201d<\/strong>, agreg\u00f3 el concejal.<\/p>\n<p>&nbsp;<\/p>\n<p>Asimismo, el propio Coscia dijo que <strong>\u201clamentablemente nos estamos acostumbrando a anuncios que no se concretan de parte del Subsecretario de Miner\u00eda.<\/strong> T\u00edtulos rimbombantes y una danza de millones que quedan en la nada\u201d.<\/p>\n<p>&nbsp;<\/p>\n<p>Adem\u00e1s, el presidente de la comisi\u00f3n de las Localidades en el HCD record\u00f3 que <strong>\u201cel Gobierno Nacional tampoco ha podido cumplir con la obra de la Facultad de Ciencias de la Salud<\/strong> y por la generosidad del intendente Galli los alumnos pueden <a href=\"https:\/\/cdnoticias.com\/index.php\/2022\/03\/25\/la-facultad-de-ciencias-de-la-salud-dictara-clases-en-el-centro-de-convenciones-municipal\/\" target=\"_blank\" rel=\"noopener\">cursar en el Centro de Convenciones<\/a>\u201d.<\/p>\n","protected":false},"excerpt":{"rendered":"<p>El representante de Juntos record\u00f3 que a\u00fan no se inici\u00f3 la anunciada rotonda en 226 a la altura de Hinojo.<\/p>\n","protected":false},"author":4,"featured_media":49263,"comment_status":"closed","ping_status":"closed","sticky":false,"template":"","format":"standard","meta":{"_jetpack_memberships_contains_paid_content":false,"footnotes":""},"categories":[4,1],"tags":[],"class_list":["post-50519","post","type-post","status-publish","format-standard","has-post-thumbnail","hentry","category-politica","category-portada"],"jetpack_featured_media_url":"https:\/\/i0.wp.com\/cdnoticias.com\/wp-content\/uploads\/2022\/03\/HCD-coscia.jpg?fit=800%2C445&ssl=1","jetpack_sharing_enabled":true,"_links":{"self":[{"href":"https:\/\/cdnoticias.com\/index.php\/wp-json\/wp\/v2\/posts\/50519","targetHints":{"allow":["GET"]}}],"collection":[{"href":"https:\/\/cdnoticias.com\/index.php\/wp-json\/wp\/v2\/posts"}],"about":[{"href":"https:\/\/cdnoticias.com\/index.php\/wp-json\/wp\/v2\/types\/post"}],"author":[{"embeddable":true,"href":"https:\/\/cdnoticias.com\/index.php\/wp-json\/wp\/v2\/users\/4"}],"replies":[{"embeddable":true,"href":"https:\/\/cdnoticias.com\/index.php\/wp-json\/wp\/v2\/comments?post=50519"}],"version-history":[{"count":0,"href":"https:\/\/cdnoticias.com\/index.php\/wp-json\/wp\/v2\/posts\/50519\/revisions"}],"wp:featuredmedia":[{"embeddable":true,"href":"https:\/\/cdnoticias.com\/index.php\/wp-json\/wp\/v2\/media\/49263"}],"wp:attachment":[{"href":"https:\/\/cdnoticias.com\/index.php\/wp-json\/wp\/v2\/media?parent=50519"}],"wp:term":[{"taxonomy":"category","embeddable":true,"href":"https:\/\/cdnoticias.com\/index.php\/wp-json\/wp\/v2\/categories?post=50519"},{"taxonomy":"post_tag","embeddable":true,"href":"https:\/\/cdnoticias.com\/index.php\/wp-json\/wp\/v2\/tags?post=50519"}],"curies":[{"name":"wp","href":"https:\/\/api.w.org\/{rel}","templated":true}]}}