{"id":50517,"date":"2022-04-01T09:14:36","date_gmt":"2022-04-01T12:14:36","guid":{"rendered":"https:\/\/www.centraldenoticias.com.ar\/?p=50517"},"modified":"2022-04-01T09:14:36","modified_gmt":"2022-04-01T12:14:36","slug":"teresa-chavez-chiquita-q-e-p-d","status":"publish","type":"post","link":"https:\/\/cdnoticias.com\/index.php\/2022\/04\/01\/teresa-chavez-chiquita-q-e-p-d\/","title":{"rendered":"Teresa Chavez &#8220;Chiquita&#8221; (Q.E.P.D.)"},"content":{"rendered":"<p>&nbsp;<\/p>\n<p>Falleci\u00f3 en Olavarr\u00eda el d\u00eda 1\u00ba de abril de 2022 a los 83 a\u00f1os de edad.<\/p>\n<p>&nbsp;<\/p>\n<p>Velatorio: a confirmar. Sin responso. Inhumaci\u00f3n: Cementerio Loma de Paz, viernes 1\u00ba de abril a las 14:30.<\/p>\n<p>&nbsp;<\/p>\n<p>Barrio en el que viv\u00eda: Independencia<\/p>\n<p>&nbsp;<\/p>\n<p>Lugar de nacimiento: Bragado<\/p>\n<p>&nbsp;<\/p>\n<p>Actividad que desarrollaba: Jubilada<\/p>\n","protected":false},"excerpt":{"rendered":"<p>&nbsp; Falleci\u00f3 en Olavarr\u00eda el d\u00eda 1\u00ba de abril de 2022 a los 83 a\u00f1os de edad. &nbsp; Velatorio: a<\/p>\n","protected":false},"author":4,"featured_media":0,"comment_status":"closed","ping_status":"closed","sticky":false,"template":"","format":"standard","meta":{"_jetpack_memberships_contains_paid_content":false,"footnotes":""},"categories":[10],"tags":[],"class_list":["post-50517","post","type-post","status-publish","format-standard","hentry","category-necrologicas"],"jetpack_featured_media_url":"","jetpack_sharing_enabled":true,"_links":{"self":[{"href":"https:\/\/cdnoticias.com\/index.php\/wp-json\/wp\/v2\/posts\/50517","targetHints":{"allow":["GET"]}}],"collection":[{"href":"https:\/\/cdnoticias.com\/index.php\/wp-json\/wp\/v2\/posts"}],"about":[{"href":"https:\/\/cdnoticias.com\/index.php\/wp-json\/wp\/v2\/types\/post"}],"author":[{"embeddable":true,"href":"https:\/\/cdnoticias.com\/index.php\/wp-json\/wp\/v2\/users\/4"}],"replies":[{"embeddable":true,"href":"https:\/\/cdnoticias.com\/index.php\/wp-json\/wp\/v2\/comments?post=50517"}],"version-history":[{"count":0,"href":"https:\/\/cdnoticias.com\/index.php\/wp-json\/wp\/v2\/posts\/50517\/revisions"}],"wp:attachment":[{"href":"https:\/\/cdnoticias.com\/index.php\/wp-json\/wp\/v2\/media?parent=50517"}],"wp:term":[{"taxonomy":"category","embeddable":true,"href":"https:\/\/cdnoticias.com\/index.php\/wp-json\/wp\/v2\/categories?post=50517"},{"taxonomy":"post_tag","embeddable":true,"href":"https:\/\/cdnoticias.com\/index.php\/wp-json\/wp\/v2\/tags?post=50517"}],"curies":[{"name":"wp","href":"https:\/\/api.w.org\/{rel}","templated":true}]}}