{"id":50506,"date":"2022-04-01T08:17:34","date_gmt":"2022-04-01T11:17:34","guid":{"rendered":"https:\/\/www.centraldenoticias.com.ar\/?p=50506"},"modified":"2022-04-01T08:17:34","modified_gmt":"2022-04-01T11:17:34","slug":"creimer-hablo-sobre-cuidados-y-salas-maternales-en-el-parlamento-de-las-mujeres-y-diversidades","status":"publish","type":"post","link":"https:\/\/cdnoticias.com\/index.php\/2022\/04\/01\/creimer-hablo-sobre-cuidados-y-salas-maternales-en-el-parlamento-de-las-mujeres-y-diversidades\/","title":{"rendered":"Creimer habl\u00f3 sobre cuidados y salas maternales en el Parlamento de las Mujeres y Diversidades"},"content":{"rendered":"<p>La concejala expuso la necesidad de una agenda de cuidado para garantizar el desarrollo laboral y profesional de las mujeres.<!--more--><\/p>\n<hr \/>\n<p>La concejala In\u00e9s Creimer, presidenta del Bloque del Foro Olavarr\u00eda &#8211; Frente Renovador en el Frente de Todos y presidenta de la Comisi\u00f3n de G\u00e9nero y Diversidad del Concejo Deliberante fue una de las voces protagonistas de la jornada provincial, impulsada por las diputadas del bloque Frente de Todos bonaerense.<\/p>\n<p>&nbsp;<\/p>\n<p>Creimer expuso sobre <strong>\u201ccuidados y salas maternales\u201d<\/strong>, haciendo un an\u00e1lisis sobre la din\u00e1mica familiar cuando las mujeres ingresan en el mundo laboral. Al iniciar su intervenci\u00f3n, la concejala agradeci\u00f3 a la diputada Provincial Luciana Padulo por la convocatoria y aclar\u00f3 \u201cestar en representaci\u00f3n de todas las mujeres que militamos en la S\u00e9ptima Secci\u00f3n Electoral\u201d.<\/p>\n<p>&nbsp;<\/p>\n<p>Sostuvo que \u201cdesde los inicios, tanto mujeres como hombres, hemos aprendido que la realizaci\u00f3n de nosotras pasaba por formar una familia y tener hijos\u201d y que \u201cafortunadamente <strong>el movimiento feminista vino a poner en jaque esta situaci\u00f3n, d\u00e1ndonos la posibilidad de pensar que nuestra realizaci\u00f3n pod\u00eda pasar por otro lado y entender que \u00e9ramos merecedoras de tener un estudio y un trabajo<\/strong>\u201d.<\/p>\n<p>&nbsp;<\/p>\n<p>\u201cEsta posibilidad de ingresar al mundo laboral pone en jaque la din\u00e1mica familiar, y la pregunta es<strong> \u00bfqui\u00e9n se ocupa de los chicos si nosotras queremos salir a trabajar?<\/strong>\u201d se\u00f1al\u00f3 Creimer.<\/p>\n<p>&nbsp;<\/p>\n<p>En este sentido, la concejala explic\u00f3 que <strong>\u201cen ciudades como Olavarr\u00eda es el municipio quien toma la responsabilidad de traer esta soluci\u00f3n mediante la creaci\u00f3n de jardines maternales municipales\u201d<\/strong>, pero que <strong>\u201cen la ruralidad y las localidades, muchas veces el Estado no llega\u201d.<\/strong><\/p>\n<p>&nbsp;<\/p>\n<p>Para cerrar, dej\u00f3 asentada la consigna de que \u201c<strong>la agenda de cuidado debe involucrarse fuertemente en la agenda de g\u00e9nero<\/strong>, dando la posibilidad a todas las mujeres de contar con espacios adecuados para el cuidado de sus hijos, espacios de atenci\u00f3n de la primer infancia, que incluya a todos los ni\u00f1os y ni\u00f1as de 45 d\u00edas a 4 a\u00f1os de edad, y que hoy en d\u00eda no tienen la atenci\u00f3n garantizada\u201d.<\/p>\n<p>&nbsp;<\/p>\n<p>El <strong>\u201cParlamento de las Mujeres y Diversidades\u201d<\/strong>, transmitido de manera online por el canal de YouTube de la Legislatura bonaerense, se desarroll\u00f3 en el marco del Mes de la Mujer Trabajadora con el objetivo de \u201cdar lugar a las voces de participantes de los espacios comunitarios y territorios en torno a temas y problem\u00e1ticas vinculadas a las mujeres y diversidades en la sociedad\u201d.<\/p>\n<p>&nbsp;<\/p>\n<p>La agenda del encuentro se construy\u00f3 en funci\u00f3n de las demandas del Movimiento de Mujeres y Diversidades, que puede resumirse en los ejes de trabajo propuestos. Estos fueron:<\/p>\n<p>&nbsp;<\/p>\n<ul>\n<li>Eje Institucional: Reforma judicial Feminista; Pol\u00edticas P\u00fablicas y Presupuesto con Perspectiva de G\u00e9nero.<\/li>\n<li>Eje Militancia feminista: Violencia por razones de g\u00e9nero y femicidios; Diversidad de los cuerpos; Adultas mayores.<\/li>\n<li>Eje Salud: Acceso a la salud integral, IVE, ESI; Violencia obst\u00e9trica y lactancia.<\/li>\n<li>Eje Trabajo y tareas de cuidado: Deudores alimentarios; Patriarcado y violencia hacia las ni\u00f1eces.<\/li>\n<\/ul>\n<p>&nbsp;<\/p>\n<p>La exposici\u00f3n de la concejala In\u00e9s Creimer puede verse <a href=\"https:\/\/www.youtube.com\/watch?v=lXN9MI_mMTc\" target=\"_blank\" rel=\"noopener\">aqu\u00ed.<\/a><\/p>\n","protected":false},"excerpt":{"rendered":"<p>La concejala expuso la necesidad de una agenda de cuidado para garantizar el desarrollo laboral y profesional de las mujeres.<\/p>\n","protected":false},"author":5,"featured_media":50507,"comment_status":"closed","ping_status":"closed","sticky":false,"template":"","format":"standard","meta":{"_jetpack_memberships_contains_paid_content":false,"footnotes":""},"categories":[3,1],"tags":[],"class_list":["post-50506","post","type-post","status-publish","format-standard","has-post-thumbnail","hentry","category-genero","category-portada"],"jetpack_featured_media_url":"https:\/\/i0.wp.com\/cdnoticias.com\/wp-content\/uploads\/2022\/03\/Ines-Creimer-1.jpeg?fit=1273%2C705&ssl=1","jetpack_sharing_enabled":true,"_links":{"self":[{"href":"https:\/\/cdnoticias.com\/index.php\/wp-json\/wp\/v2\/posts\/50506","targetHints":{"allow":["GET"]}}],"collection":[{"href":"https:\/\/cdnoticias.com\/index.php\/wp-json\/wp\/v2\/posts"}],"about":[{"href":"https:\/\/cdnoticias.com\/index.php\/wp-json\/wp\/v2\/types\/post"}],"author":[{"embeddable":true,"href":"https:\/\/cdnoticias.com\/index.php\/wp-json\/wp\/v2\/users\/5"}],"replies":[{"embeddable":true,"href":"https:\/\/cdnoticias.com\/index.php\/wp-json\/wp\/v2\/comments?post=50506"}],"version-history":[{"count":0,"href":"https:\/\/cdnoticias.com\/index.php\/wp-json\/wp\/v2\/posts\/50506\/revisions"}],"wp:featuredmedia":[{"embeddable":true,"href":"https:\/\/cdnoticias.com\/index.php\/wp-json\/wp\/v2\/media\/50507"}],"wp:attachment":[{"href":"https:\/\/cdnoticias.com\/index.php\/wp-json\/wp\/v2\/media?parent=50506"}],"wp:term":[{"taxonomy":"category","embeddable":true,"href":"https:\/\/cdnoticias.com\/index.php\/wp-json\/wp\/v2\/categories?post=50506"},{"taxonomy":"post_tag","embeddable":true,"href":"https:\/\/cdnoticias.com\/index.php\/wp-json\/wp\/v2\/tags?post=50506"}],"curies":[{"name":"wp","href":"https:\/\/api.w.org\/{rel}","templated":true}]}}