{"id":50501,"date":"2022-03-31T18:41:39","date_gmt":"2022-03-31T21:41:39","guid":{"rendered":"https:\/\/www.centraldenoticias.com.ar\/?p=50501"},"modified":"2022-04-01T08:39:27","modified_gmt":"2022-04-01T11:39:27","slug":"tras-una-charla-con-caputo-los-manifestantes-levantaron-el-corte-en-el-acceso-a-sierra-chica","status":"publish","type":"post","link":"https:\/\/cdnoticias.com\/index.php\/2022\/03\/31\/tras-una-charla-con-caputo-los-manifestantes-levantaron-el-corte-en-el-acceso-a-sierra-chica\/","title":{"rendered":"Tras una charla con Caputo los manifestantes levantaron el corte en el acceso a Sierra Chica"},"content":{"rendered":"<p>El Secretario de Salud Municipal se acerc\u00f3 a hablar con los manifestantes y el lunes volver\u00e1n a reunirse.<!--more--><\/p>\n<hr \/>\n<p>En el inicio de la tarde de este jueves comenz\u00f3 <a href=\"https:\/\/cdnoticias.com\/index.php\/2022\/03\/31\/protesta-en-sierra-chica-necesitamos-un-medico-de-guardia-en-la-sala\/\" target=\"_blank\" rel=\"noopener\">una movilizaci\u00f3n protagonizada por vecinos de Sierra Chica<\/a>, quienes llevaron adelante un corte al tr\u00e1nsito sobre el principal acceso a la localidad. Lo hicieron <strong>en reclamo de \u201cun m\u00e9dico de guardia en la sala\u201d, una situaci\u00f3n que volvi\u00f3 a quedar de evidencia estos \u00faltimos d\u00edas a partir de dos accidentes, uno laboral y otro vial.<\/strong><\/p>\n<p>&nbsp;<\/p>\n<p><img data-recalc-dims=\"1\" loading=\"lazy\" decoding=\"async\" class=\"alignnone size-large wp-image-50465\" src=\"https:\/\/i0.wp.com\/cdnoticias.com\/wp-content\/uploads\/2022\/03\/WhatsApp-Image-2022-03-31-at-15.36.24.jpeg?resize=800%2C370&#038;ssl=1\" alt=\"\" width=\"800\" height=\"370\" srcset=\"https:\/\/i0.wp.com\/cdnoticias.com\/wp-content\/uploads\/2022\/03\/WhatsApp-Image-2022-03-31-at-15.36.24.jpeg?resize=1024%2C473&amp;ssl=1 1024w, https:\/\/i0.wp.com\/cdnoticias.com\/wp-content\/uploads\/2022\/03\/WhatsApp-Image-2022-03-31-at-15.36.24.jpeg?resize=300%2C139&amp;ssl=1 300w, https:\/\/i0.wp.com\/cdnoticias.com\/wp-content\/uploads\/2022\/03\/WhatsApp-Image-2022-03-31-at-15.36.24.jpeg?resize=768%2C355&amp;ssl=1 768w, https:\/\/i0.wp.com\/cdnoticias.com\/wp-content\/uploads\/2022\/03\/WhatsApp-Image-2022-03-31-at-15.36.24.jpeg?resize=1536%2C709&amp;ssl=1 1536w, https:\/\/i0.wp.com\/cdnoticias.com\/wp-content\/uploads\/2022\/03\/WhatsApp-Image-2022-03-31-at-15.36.24.jpeg?w=1600&amp;ssl=1 1600w\" sizes=\"auto, (max-width: 800px) 100vw, 800px\" \/><\/p>\n<p>&nbsp;<\/p>\n<p><strong>\u201cHubo un accidente el lunes y el chico accidentado tuvo que esperar 45 minutos tirado hasta que vino la ambulancia de Sierras Bayas. Y hubo otro ayer de un empleado de la cantera que tambi\u00e9n tuvo que esperar porque no hab\u00eda m\u00e9dicos ni ten\u00edamos la ambulancia\u201d<\/strong>, narr\u00f3 a Central Radio (de lunes a viernes de 15 a 17 por Radio Sapiens, FM 102.7) una vecina de la localidad, quien enfatiz\u00f3 que seguir\u00edan en ese lugar hasta que no se d\u00e9 el arribo de alg\u00fan funcionario.<\/p>\n<p>&nbsp;<\/p>\n<p><em><strong>Central de Noticias<\/strong><\/em> logr\u00f3 conocer que <strong>alrededor de las 17 se hizo presente en el lugar el secretario de Salud Municipal, el doctor\u00a0 Germ\u00e1n Caputo<\/strong>, quien estuvo acompa\u00f1ado del delegado de Sierra Chica e integrantes de la c\u00fapula policial local, quienes ya se encontraban adem\u00e1s al resguardo y reorganizaci\u00f3n de la circulaci\u00f3n por el sector.<\/p>\n<p>&nbsp;<\/p>\n<p><img data-recalc-dims=\"1\" loading=\"lazy\" decoding=\"async\" class=\"alignnone size-full wp-image-50504\" src=\"https:\/\/i0.wp.com\/cdnoticias.com\/wp-content\/uploads\/2022\/03\/protesta-sierra-chica-02.jpg?resize=800%2C445&#038;ssl=1\" alt=\"\" width=\"800\" height=\"445\" srcset=\"https:\/\/i0.wp.com\/cdnoticias.com\/wp-content\/uploads\/2022\/03\/protesta-sierra-chica-02.jpg?w=800&amp;ssl=1 800w, https:\/\/i0.wp.com\/cdnoticias.com\/wp-content\/uploads\/2022\/03\/protesta-sierra-chica-02.jpg?resize=300%2C167&amp;ssl=1 300w, https:\/\/i0.wp.com\/cdnoticias.com\/wp-content\/uploads\/2022\/03\/protesta-sierra-chica-02.jpg?resize=768%2C427&amp;ssl=1 768w\" sizes=\"auto, (max-width: 800px) 100vw, 800px\" \/><\/p>\n<p>&nbsp;<\/p>\n<p>En di\u00e1logo con este portal la misma vecina narr\u00f3 que el encuentro con el funcionario municipal fue sumamente positivo, ya que <strong>el doctor les explic\u00f3 el estado de situaci\u00f3n, cronograma de guardias y las gestiones realizadas,<\/strong> no solo en Sierra Chica sino tambi\u00e9n en otras localidades serranas para poder resolver esta problem\u00e1tica.<\/p>\n<p>&nbsp;<\/p>\n<p>A la par, se comprometi\u00f3 a protagonizar <strong>el pr\u00f3ximo lunes una reuni\u00f3n en la que iba a avanzar sobre cada uno de esos \u00edtems<\/strong>, adem\u00e1s de responder las inquietudes de los vecinos, por lo cual los manifestantes aceptaron levantar la protesta.<\/p>\n","protected":false},"excerpt":{"rendered":"<p>El Secretario de Salud Municipal se acerc\u00f3 a hablar con los manifestantes y el lunes volver\u00e1n a reunirse.<\/p>\n","protected":false},"author":3,"featured_media":50502,"comment_status":"closed","ping_status":"closed","sticky":false,"template":"","format":"standard","meta":{"_jetpack_memberships_contains_paid_content":false,"footnotes":""},"categories":[5,1],"tags":[],"class_list":["post-50501","post","type-post","status-publish","format-standard","has-post-thumbnail","hentry","category-informacion-general","category-portada"],"jetpack_featured_media_url":"https:\/\/i0.wp.com\/cdnoticias.com\/wp-content\/uploads\/2022\/03\/protesta-sierra-chica-01.jpg?fit=800%2C445&ssl=1","jetpack_sharing_enabled":true,"_links":{"self":[{"href":"https:\/\/cdnoticias.com\/index.php\/wp-json\/wp\/v2\/posts\/50501","targetHints":{"allow":["GET"]}}],"collection":[{"href":"https:\/\/cdnoticias.com\/index.php\/wp-json\/wp\/v2\/posts"}],"about":[{"href":"https:\/\/cdnoticias.com\/index.php\/wp-json\/wp\/v2\/types\/post"}],"author":[{"embeddable":true,"href":"https:\/\/cdnoticias.com\/index.php\/wp-json\/wp\/v2\/users\/3"}],"replies":[{"embeddable":true,"href":"https:\/\/cdnoticias.com\/index.php\/wp-json\/wp\/v2\/comments?post=50501"}],"version-history":[{"count":0,"href":"https:\/\/cdnoticias.com\/index.php\/wp-json\/wp\/v2\/posts\/50501\/revisions"}],"wp:featuredmedia":[{"embeddable":true,"href":"https:\/\/cdnoticias.com\/index.php\/wp-json\/wp\/v2\/media\/50502"}],"wp:attachment":[{"href":"https:\/\/cdnoticias.com\/index.php\/wp-json\/wp\/v2\/media?parent=50501"}],"wp:term":[{"taxonomy":"category","embeddable":true,"href":"https:\/\/cdnoticias.com\/index.php\/wp-json\/wp\/v2\/categories?post=50501"},{"taxonomy":"post_tag","embeddable":true,"href":"https:\/\/cdnoticias.com\/index.php\/wp-json\/wp\/v2\/tags?post=50501"}],"curies":[{"name":"wp","href":"https:\/\/api.w.org\/{rel}","templated":true}]}}