{"id":505,"date":"2020-09-02T08:18:26","date_gmt":"2020-09-02T11:18:26","guid":{"rendered":"http:\/\/www.centraldenoticias.com.ar\/?p=505"},"modified":"2020-09-02T10:51:56","modified_gmt":"2020-09-02T13:51:56","slug":"lo-electoral-hoy-se-relega-para-pensar-en-lo-que-necesita-el-vecino","status":"publish","type":"post","link":"https:\/\/cdnoticias.com\/index.php\/2020\/09\/02\/lo-electoral-hoy-se-relega-para-pensar-en-lo-que-necesita-el-vecino\/","title":{"rendered":"\u201cLo electoral hoy se relega para pensar en lo que necesita el vecino\u201d"},"content":{"rendered":"<p>La pol\u00edtica partidaria en pandemia. Federico Aguilera, ex concejal y \u00faltimo candidato a intendente del Frente de Todos, repas\u00f3 el posicionamiento del frente y su relaci\u00f3n con las autoridades municipales para transitar la emergencia sanitaria. \u201cHoy la prioridad es que esto pase\u201d subray\u00f3.<!--more--><\/p>\n<p>__________________________________________<\/p>\n<p><strong>-C\u00f3mo se trabaja desde el Frente de Todos, ante una coalici\u00f3n tan grande y con tantos sectores internos, en Olavarr\u00eda ?<\/strong><\/p>\n<p>-El contexto de pandemia es at\u00edpico para todos. Obliga muchas veces a readecuar las pr\u00e1cticas pol\u00edticas de los espacios partidarios de las organizaciones Y en much\u00edsimas ocasiones se ha volcado casi al 100% a la contenci\u00f3n de las problem\u00e1ticas que plantea la pandemia. A la contenci\u00f3n social, al trabajo en los barrios, a las demandas particulares de ciertos sectores por la cuesti\u00f3n social y econ\u00f3mica. En la articulaci\u00f3n con todos los sectores, el Concejo Deliberante es una clara muestra de c\u00f3mo hemos podido articular con todos los bloques y los sectores de la oposici\u00f3n y como el interbloque se trabaja de manera unificada, con un criterio y con una sola voz. Es es m\u00e1s que positivo porque muestra un horizonte de ad\u00f3nde se dirige el espacio y demuestra que no solamente fue una cuesti\u00f3n electoral, tiene que ver con un armado mucho m\u00e1s s\u00f3lido y una consistencia de proyecto pol\u00edtico de municipio, de provincia y de pa\u00eds. Tambi\u00e9n la articulaci\u00f3n con cada organismo nacional y provincial que tienen su territorialidad en Olavarr\u00eda. Por lo cual, claramente el Frente de Todos, ya no hay duda, se ha constituido como el principal espacio opositor en Olavarr\u00eda que mayor capacidad de gesti\u00f3n y fuerza territorial tiene. Es un desaf\u00edo porque hay que sostenerlo y trabajarlo, sobre todo pensando en funci\u00f3n de proyectos claros. Y siempre escuchando a la gente, eso es fundamental.<\/p>\n<p>&nbsp;<\/p>\n<p><strong>-En el inicio de la pandemia, se trabaj\u00f3 en conjunto con el Intendente y hoy pareciera que la relaci\u00f3n es mucho m\u00e1s fr\u00eda. \u00bfPas\u00f3 algo o ya es una etapa de mayor \u201cnormalidad pol\u00edtica\u201d ?<\/strong><\/p>\n<p>-Cu\u00e1ndo se inici\u00f3 la pandemia, el aislamiento, fue un cimbronazo para todos en todos los niveles. Cre\u00edmos que era fundamental desde nuestro espacio dejar de lado cualquier diferencia pol\u00edtica y ponernos a trabajar en conjunto desde los \u00e1mbitos institucionales y pol\u00edticos para contener la situaci\u00f3n. Por eso nos pusimos a disposici\u00f3n, colaboramos con el Municipio en muchas actividades y tareas que se llevaron adelante, desde repartir las Tarjetas Alimentar para los sectores m\u00e1s necesitados, repartir bolsas de alimentos, colaborar con el servicio alimentario escolar, articular con diferentes sectores y mesas empresarias, mesas sociales para la contenci\u00f3n. Nos pusimos a disposici\u00f3n porque cre\u00edamos que era lo que ten\u00edamos que hacer sin importar las diferencias pol\u00edticas. Los matices de proyectos pol\u00edticos existen, seguir\u00e1n existiendo, pero en el marco de la pandemia se hicieron a un lado para trabajar en conjunto por los vecinos de Olavarr\u00eda. Cuando todo termine volver\u00e1n seguramente las distintas proyecciones pol\u00edticas de cara a lo electoral. Lo electoral hoy se relega para pensar en lo que necesita el vecino y el vecino necesita que la pol\u00edtica tenga un gesto de madurez. Ese gesto de madurez significa unirse para trabajar en conjunto en los momentos cr\u00edticos. En eso estamos.<\/p>\n<p>&nbsp;<\/p>\n<p><strong>-\u00bfY hoy en qu\u00e9 se trabaja?<\/strong><\/p>\n<p>-Por tener nuestra responsabilidad institucional en la provincia de Buenos Aires y en el nivel nacional lo que hacemos es poner a disposici\u00f3n todos los canales de di\u00e1logo posible a trav\u00e9s de los organismos nacionales y provinciales. Y tambi\u00e9n canales de di\u00e1logo con los representantes ejecutivos en la provincia. Hemos establecido canales y mesas de di\u00e1logo a partir de los que se van resolviendo demandas de manera directa. Hoy ya no es de emergencia la situaci\u00f3n sino que la relaci\u00f3n tiene que ver con la articulaci\u00f3n de los canales institucionales para dar respuesta a problemas m\u00e1s complejos.<\/p>\n<p>&nbsp;<\/p>\n<p><strong>-\u00bfC\u00f3mo te imagin\u00e1s la campa\u00f1a 2021 en pandemia?<\/strong><\/p>\n<p>-La verdad es que es inimaginable pensar una campa\u00f1a electoral sobre todo desde la l\u00f3gica y la impronta que tenemos para hacer campa\u00f1a. Nos gusta estar con la gente, cara a cara. Nos gusta recorrer el barrio, charlar con los vecinos. Sin eso, se hace muy dif\u00edcil pensar la campa\u00f1a desde la virtualidad, la lejan\u00eda, simplemente lo comunicacional o lo marketinero. No es la impronta de nuestro espacio pol\u00edtico. Espero que la vacuna est\u00e9 lo m\u00e1s pronto posible por el bien de todos. Hoy no es la prioridad pensar la campa\u00f1a. Veremos el a\u00f1o que viene lo que sucede si la pandemia contin\u00faa, c\u00f3mo se readecuan los mecanismos electorales y pol\u00edticos. Hoy la prioridad es que esto pase.<\/p>\n","protected":false},"excerpt":{"rendered":"<p>La pol\u00edtica partidaria en pandemia. Federico Aguilera, ex concejal y \u00faltimo candidato a intendente del Frente de Todos, repas\u00f3 el<\/p>\n","protected":false},"author":5,"featured_media":506,"comment_status":"closed","ping_status":"closed","sticky":false,"template":"","format":"standard","meta":{"_jetpack_memberships_contains_paid_content":false,"footnotes":""},"categories":[4],"tags":[],"class_list":["post-505","post","type-post","status-publish","format-standard","has-post-thumbnail","hentry","category-politica"],"jetpack_featured_media_url":"https:\/\/i0.wp.com\/cdnoticias.com\/wp-content\/uploads\/2020\/09\/Aguilera05.jpg?fit=4608%2C3072&ssl=1","jetpack_sharing_enabled":true,"_links":{"self":[{"href":"https:\/\/cdnoticias.com\/index.php\/wp-json\/wp\/v2\/posts\/505","targetHints":{"allow":["GET"]}}],"collection":[{"href":"https:\/\/cdnoticias.com\/index.php\/wp-json\/wp\/v2\/posts"}],"about":[{"href":"https:\/\/cdnoticias.com\/index.php\/wp-json\/wp\/v2\/types\/post"}],"author":[{"embeddable":true,"href":"https:\/\/cdnoticias.com\/index.php\/wp-json\/wp\/v2\/users\/5"}],"replies":[{"embeddable":true,"href":"https:\/\/cdnoticias.com\/index.php\/wp-json\/wp\/v2\/comments?post=505"}],"version-history":[{"count":0,"href":"https:\/\/cdnoticias.com\/index.php\/wp-json\/wp\/v2\/posts\/505\/revisions"}],"wp:featuredmedia":[{"embeddable":true,"href":"https:\/\/cdnoticias.com\/index.php\/wp-json\/wp\/v2\/media\/506"}],"wp:attachment":[{"href":"https:\/\/cdnoticias.com\/index.php\/wp-json\/wp\/v2\/media?parent=505"}],"wp:term":[{"taxonomy":"category","embeddable":true,"href":"https:\/\/cdnoticias.com\/index.php\/wp-json\/wp\/v2\/categories?post=505"},{"taxonomy":"post_tag","embeddable":true,"href":"https:\/\/cdnoticias.com\/index.php\/wp-json\/wp\/v2\/tags?post=505"}],"curies":[{"name":"wp","href":"https:\/\/api.w.org\/{rel}","templated":true}]}}