{"id":50481,"date":"2022-04-01T20:25:35","date_gmt":"2022-04-01T23:25:35","guid":{"rendered":"https:\/\/www.centraldenoticias.com.ar\/?p=50481"},"modified":"2022-04-02T08:56:06","modified_gmt":"2022-04-02T11:56:06","slug":"maria-ines-banegas-ojala-que-se-siga-sosteniendo-y-algun-dia-tengamos-una-peatonal","status":"publish","type":"post","link":"https:\/\/cdnoticias.com\/index.php\/2022\/04\/01\/maria-ines-banegas-ojala-que-se-siga-sosteniendo-y-algun-dia-tengamos-una-peatonal\/","title":{"rendered":"Mar\u00eda In\u00e9s Banegas: &#8220;ojal\u00e1 que se siga sosteniendo y alg\u00fan d\u00eda tengamos una peatonal&#8221;"},"content":{"rendered":"<p>Este s\u00e1bado 2 de abril se realizar\u00e1 la segunda peatonal en la calle Necochea. Central de Noticias dialog\u00f3 con Mar\u00eda In\u00e9s Banegas quien nos cont\u00f3 sobre la participaci\u00f3n de las estatuas vivientes. Los detalles.<br \/>\n<!--more--><\/p>\n<hr \/>\n<p>&nbsp;<\/p>\n<p>La<strong> segunda peatonal en la calle Necochea al 3100 <\/strong>se har\u00e1 este <strong>s\u00e1bado 2 de abril a partir de las 16:00<\/strong>. La iniciativa es a partir de<strong> los comerciantes de la cuadra.<\/strong><\/p>\n<p>&nbsp;<\/p>\n<p>En esta ocasi\u00f3n habr\u00e1<strong> food trucks, malabaristas, dj en vivo, desfile de Veteranos de Malvinas, el show de la Jarana Banda y estatuas vivientes.\u00a0<\/strong><\/p>\n<p>&nbsp;<\/p>\n<p><em>Central de Noticias<\/em> dialog\u00f3 con <strong>Mar\u00eda In\u00e9s Banegas<\/strong> sobre la participaci\u00f3n de las estatuas vivientes: <strong>&#8220;es una invitaci\u00f3n que nos hicieron los comerciantes para promover el comercio<\/strong>. Estuvimos invitados el 8 de diciembre pasado, pero yo estaba de viaje as\u00ed que no pudimos participar&#8221; explic\u00f3.<\/p>\n<p>&nbsp;<\/p>\n<p><img data-recalc-dims=\"1\" loading=\"lazy\" decoding=\"async\" class=\"aligncenter wp-image-49484 size-large\" src=\"https:\/\/i0.wp.com\/cdnoticias.com\/wp-content\/uploads\/2022\/03\/WhatsApp-Image-2022-03-19-at-18.59.48.jpeg?resize=800%2C600&#038;ssl=1\" alt=\"\" width=\"800\" height=\"600\" srcset=\"https:\/\/i0.wp.com\/cdnoticias.com\/wp-content\/uploads\/2022\/03\/WhatsApp-Image-2022-03-19-at-18.59.48.jpeg?resize=1024%2C768&amp;ssl=1 1024w, https:\/\/i0.wp.com\/cdnoticias.com\/wp-content\/uploads\/2022\/03\/WhatsApp-Image-2022-03-19-at-18.59.48.jpeg?resize=300%2C225&amp;ssl=1 300w, https:\/\/i0.wp.com\/cdnoticias.com\/wp-content\/uploads\/2022\/03\/WhatsApp-Image-2022-03-19-at-18.59.48.jpeg?resize=768%2C576&amp;ssl=1 768w, https:\/\/i0.wp.com\/cdnoticias.com\/wp-content\/uploads\/2022\/03\/WhatsApp-Image-2022-03-19-at-18.59.48.jpeg?w=1280&amp;ssl=1 1280w\" sizes=\"auto, (max-width: 800px) 100vw, 800px\" \/><\/p>\n<p>&nbsp;<\/p>\n<p>Adem\u00e1s agreg\u00f3 que &#8220;<strong>la estatua viviente es un arte que se ejerce en los espacios p\u00fablicos por excelencia<\/strong>. <strong>Esta invitaci\u00f3n a la peatonal me parece fant\u00e1stica, estamos muy felices ojal\u00e1 que se siga sosteniendo y alg\u00fan d\u00eda tengamos una peatonal<\/strong>. Para nosotros la presencia en los espacios p\u00fablicos es fundamental, nacemos y crecemos en la calle con ese espectador pasajero y casual&#8221;.<\/p>\n<p>&nbsp;<\/p>\n<p>Por otro lado, In\u00e9s indic\u00f3 que <strong>&#8220;algunas estatuas locales no van a estar <\/strong>porque la mayor\u00eda trabajan o est\u00e1n de viaje,<strong> pero nos quisimos sumar igual ya que nos pareci\u00f3 importante.<\/strong> Lo importante de que <strong>estos espacios se vayan habilitando es que est\u00e1 bueno acompa\u00f1ar. Son beneficiosos para todos, para el comerciante y para el artista callejero<\/strong> para poder trabajar, para nosotros <strong>es una pasi\u00f3n pero tambi\u00e9n es un trabajo&#8221;.<\/strong><\/p>\n<p>&nbsp;<\/p>\n<p><img data-recalc-dims=\"1\" loading=\"lazy\" decoding=\"async\" class=\"aligncenter wp-image-49482 size-large\" src=\"https:\/\/i0.wp.com\/cdnoticias.com\/wp-content\/uploads\/2022\/03\/WhatsApp-Image-2022-03-19-at-19.00.10-1.jpeg?resize=800%2C600&#038;ssl=1\" alt=\"\" width=\"800\" height=\"600\" srcset=\"https:\/\/i0.wp.com\/cdnoticias.com\/wp-content\/uploads\/2022\/03\/WhatsApp-Image-2022-03-19-at-19.00.10-1.jpeg?resize=1024%2C768&amp;ssl=1 1024w, https:\/\/i0.wp.com\/cdnoticias.com\/wp-content\/uploads\/2022\/03\/WhatsApp-Image-2022-03-19-at-19.00.10-1.jpeg?resize=300%2C225&amp;ssl=1 300w, https:\/\/i0.wp.com\/cdnoticias.com\/wp-content\/uploads\/2022\/03\/WhatsApp-Image-2022-03-19-at-19.00.10-1.jpeg?resize=768%2C576&amp;ssl=1 768w, https:\/\/i0.wp.com\/cdnoticias.com\/wp-content\/uploads\/2022\/03\/WhatsApp-Image-2022-03-19-at-19.00.10-1.jpeg?w=1280&amp;ssl=1 1280w\" sizes=\"auto, (max-width: 800px) 100vw, 800px\" \/><\/p>\n<p>&nbsp;<\/p>\n<p>Por \u00faltimo, en cuanto al<a href=\"https:\/\/cdnoticias.com\/index.php\/2022\/03\/19\/ante-un-gran-marco-de-publico-se-realiza-el-festival-internacional-de-estatuas-vivientes\/\" target=\"_blank\" rel=\"noopener\"><strong> Festival Internacional de Estatuas Vivientes<\/strong><\/a> que se realiz\u00f3 el mes pasado, Banegas coment\u00f3 que &#8220;fue hermos\u00edsimo, much\u00edsima gente fue los dos d\u00edas ,vot\u00f3, se emocion\u00f3, se quedaron al cierre para ver la premiaci\u00f3n. Olavarr\u00eda es muy dominguera, de salir el domingo t\u00edpico del pueblo obrero y se lleno la plaza con los artesanos, el patio de comida y las bandas.<strong> Es como una caricia para nosotros. Fue un cierre hermos\u00edsimo con muchas ganas y energ\u00eda para trabajar en la pr\u00f3xima edici\u00f3n. Vale la pena volver a poner el cuerpo para gestionar el pr\u00f3ximo a\u00f1o&#8221;.<\/strong><\/p>\n<p>&nbsp;<\/p>\n<p>&nbsp;<\/p>\n<p>&nbsp;<\/p>\n","protected":false},"excerpt":{"rendered":"<p>Este s\u00e1bado 2 de abril se realizar\u00e1 la segunda peatonal en la calle Necochea. Central de Noticias dialog\u00f3 con Mar\u00eda<\/p>\n","protected":false},"author":6,"featured_media":40880,"comment_status":"closed","ping_status":"closed","sticky":false,"template":"","format":"standard","meta":{"_jetpack_memberships_contains_paid_content":false,"footnotes":""},"categories":[5,1],"tags":[],"class_list":["post-50481","post","type-post","status-publish","format-standard","has-post-thumbnail","hentry","category-informacion-general","category-portada"],"jetpack_featured_media_url":"https:\/\/i0.wp.com\/cdnoticias.com\/wp-content\/uploads\/2021\/12\/Peatonal15.jpg?fit=800%2C445&ssl=1","jetpack_sharing_enabled":true,"_links":{"self":[{"href":"https:\/\/cdnoticias.com\/index.php\/wp-json\/wp\/v2\/posts\/50481","targetHints":{"allow":["GET"]}}],"collection":[{"href":"https:\/\/cdnoticias.com\/index.php\/wp-json\/wp\/v2\/posts"}],"about":[{"href":"https:\/\/cdnoticias.com\/index.php\/wp-json\/wp\/v2\/types\/post"}],"author":[{"embeddable":true,"href":"https:\/\/cdnoticias.com\/index.php\/wp-json\/wp\/v2\/users\/6"}],"replies":[{"embeddable":true,"href":"https:\/\/cdnoticias.com\/index.php\/wp-json\/wp\/v2\/comments?post=50481"}],"version-history":[{"count":0,"href":"https:\/\/cdnoticias.com\/index.php\/wp-json\/wp\/v2\/posts\/50481\/revisions"}],"wp:featuredmedia":[{"embeddable":true,"href":"https:\/\/cdnoticias.com\/index.php\/wp-json\/wp\/v2\/media\/40880"}],"wp:attachment":[{"href":"https:\/\/cdnoticias.com\/index.php\/wp-json\/wp\/v2\/media?parent=50481"}],"wp:term":[{"taxonomy":"category","embeddable":true,"href":"https:\/\/cdnoticias.com\/index.php\/wp-json\/wp\/v2\/categories?post=50481"},{"taxonomy":"post_tag","embeddable":true,"href":"https:\/\/cdnoticias.com\/index.php\/wp-json\/wp\/v2\/tags?post=50481"}],"curies":[{"name":"wp","href":"https:\/\/api.w.org\/{rel}","templated":true}]}}