{"id":50474,"date":"2022-03-31T16:16:31","date_gmt":"2022-03-31T19:16:31","guid":{"rendered":"https:\/\/www.centraldenoticias.com.ar\/?p=50474"},"modified":"2022-03-31T17:52:34","modified_gmt":"2022-03-31T20:52:34","slug":"protesta-en-sierra-chica-necesitamos-un-medico-de-guardia-en-la-sala","status":"publish","type":"post","link":"https:\/\/cdnoticias.com\/index.php\/2022\/03\/31\/protesta-en-sierra-chica-necesitamos-un-medico-de-guardia-en-la-sala\/","title":{"rendered":"Protesta en Sierra Chica: \u201cNecesitamos un m\u00e9dico de Guardia en la sala\u201d"},"content":{"rendered":"<p>Un grupo de vecinos se manifest\u00f3 en el ingreso a la localidad. Piden un m\u00e9dico de Guardia y reclaman la presencia de funcionarios municipales.<!--more--><\/p>\n<hr \/>\n<p><strong>\u201cVamos a estar ac\u00e1 hasta que tengamos una respuesta, queremos que alguien venga personalmente a dar la cara\u201d<\/strong>, afirm\u00f3 en di\u00e1logo con Central de Noticias una vecina de Sierra Chica en el marco del reclamo de un m\u00e9dico de guardia para la localidad.<\/p>\n<p>&nbsp;<\/p>\n<p>Un grupo de vecinos se volc\u00f3 a manifestarse en el <strong>acceso a Sierra Chica<\/strong> para visibilizar este pedido. La medida en principio se desarroll\u00f3 sin cortar totalmente la ruta, pero al avanzar el reclamo por momentos se interrumpi\u00f3 el tr\u00e1nsito en la zona.<\/p>\n<p>&nbsp;<\/p>\n<blockquote><p>\u201cHay gente muy enojada. Necesitamos un m\u00e9dico de Guardia en la sala y queremos que venga alguien \u2018de arriba\u2019\u201d, resalt\u00f3.<\/p><\/blockquote>\n<p>&nbsp;<\/p>\n<p>La vecina explic\u00f3 que el reclamo data de varios a\u00f1os, pero <strong>dos accidentes recientes (uno laboral y otro en el marco de un siniestro vial) reactivaron el pedido.<\/strong><\/p>\n<p>&nbsp;<\/p>\n<p><img data-recalc-dims=\"1\" loading=\"lazy\" decoding=\"async\" class=\"aligncenter size-full wp-image-50464\" src=\"https:\/\/i0.wp.com\/cdnoticias.com\/wp-content\/uploads\/2022\/03\/WhatsApp-Image-2022-03-31-at-15.36.24-1.jpeg?resize=800%2C370&#038;ssl=1\" alt=\"\" width=\"800\" height=\"370\" srcset=\"https:\/\/i0.wp.com\/cdnoticias.com\/wp-content\/uploads\/2022\/03\/WhatsApp-Image-2022-03-31-at-15.36.24-1.jpeg?w=1600&amp;ssl=1 1600w, https:\/\/i0.wp.com\/cdnoticias.com\/wp-content\/uploads\/2022\/03\/WhatsApp-Image-2022-03-31-at-15.36.24-1.jpeg?resize=300%2C139&amp;ssl=1 300w, https:\/\/i0.wp.com\/cdnoticias.com\/wp-content\/uploads\/2022\/03\/WhatsApp-Image-2022-03-31-at-15.36.24-1.jpeg?resize=1024%2C473&amp;ssl=1 1024w, https:\/\/i0.wp.com\/cdnoticias.com\/wp-content\/uploads\/2022\/03\/WhatsApp-Image-2022-03-31-at-15.36.24-1.jpeg?resize=768%2C355&amp;ssl=1 768w, https:\/\/i0.wp.com\/cdnoticias.com\/wp-content\/uploads\/2022\/03\/WhatsApp-Image-2022-03-31-at-15.36.24-1.jpeg?resize=1536%2C709&amp;ssl=1 1536w\" sizes=\"auto, (max-width: 800px) 100vw, 800px\" \/><\/p>\n<p>&nbsp;<\/p>\n<p>\u201cHubo un accidente el lunes y el chico accidentado tuvo que esperar 45 minutos tirado hasta que vino la ambulancia de Sierras Bayas. Y hubo otro ayer de un empleado de la cantera que tambi\u00e9n tuvo que esperar porque no hab\u00eda m\u00e9dicos ni ten\u00edamos la ambulancia\u201d, detall\u00f3 la vecina y aclar\u00f3 que <strong>\u201cel problema es que la ambulancia est\u00e1 en la sala, pero al no haber m\u00e9dico la ambulancia no puede salir\u201d.<\/strong><\/p>\n<p>&nbsp;<\/p>\n<p>Seg\u00fan explic\u00f3, el m\u00e9dico que concurre a la localidad lo hace en el horario de 8 a 14 y los vecinos y vecinas, piden una permanencia las 24 horas para atender las urgencias.<strong> \u201cHace 4 a\u00f1os que no tenemos un m\u00e9dico de guardia\u201d<\/strong> se\u00f1al\u00f3 y agreg\u00f3: \u201cMucha gente no tiene movilidad para ir a Hinojo o a Olavarr\u00eda\u201d.<\/p>\n","protected":false},"excerpt":{"rendered":"<p>Un grupo de vecinos se manifest\u00f3 en el ingreso a la localidad. Piden un m\u00e9dico de Guardia y reclaman la<\/p>\n","protected":false},"author":5,"featured_media":50465,"comment_status":"closed","ping_status":"closed","sticky":false,"template":"","format":"standard","meta":{"_jetpack_memberships_contains_paid_content":false,"footnotes":""},"categories":[5,1],"tags":[],"class_list":["post-50474","post","type-post","status-publish","format-standard","has-post-thumbnail","hentry","category-informacion-general","category-portada"],"jetpack_featured_media_url":"https:\/\/i0.wp.com\/cdnoticias.com\/wp-content\/uploads\/2022\/03\/WhatsApp-Image-2022-03-31-at-15.36.24.jpeg?fit=1600%2C739&ssl=1","jetpack_sharing_enabled":true,"_links":{"self":[{"href":"https:\/\/cdnoticias.com\/index.php\/wp-json\/wp\/v2\/posts\/50474","targetHints":{"allow":["GET"]}}],"collection":[{"href":"https:\/\/cdnoticias.com\/index.php\/wp-json\/wp\/v2\/posts"}],"about":[{"href":"https:\/\/cdnoticias.com\/index.php\/wp-json\/wp\/v2\/types\/post"}],"author":[{"embeddable":true,"href":"https:\/\/cdnoticias.com\/index.php\/wp-json\/wp\/v2\/users\/5"}],"replies":[{"embeddable":true,"href":"https:\/\/cdnoticias.com\/index.php\/wp-json\/wp\/v2\/comments?post=50474"}],"version-history":[{"count":0,"href":"https:\/\/cdnoticias.com\/index.php\/wp-json\/wp\/v2\/posts\/50474\/revisions"}],"wp:featuredmedia":[{"embeddable":true,"href":"https:\/\/cdnoticias.com\/index.php\/wp-json\/wp\/v2\/media\/50465"}],"wp:attachment":[{"href":"https:\/\/cdnoticias.com\/index.php\/wp-json\/wp\/v2\/media?parent=50474"}],"wp:term":[{"taxonomy":"category","embeddable":true,"href":"https:\/\/cdnoticias.com\/index.php\/wp-json\/wp\/v2\/categories?post=50474"},{"taxonomy":"post_tag","embeddable":true,"href":"https:\/\/cdnoticias.com\/index.php\/wp-json\/wp\/v2\/tags?post=50474"}],"curies":[{"name":"wp","href":"https:\/\/api.w.org\/{rel}","templated":true}]}}