{"id":50450,"date":"2022-03-31T15:56:08","date_gmt":"2022-03-31T18:56:08","guid":{"rendered":"https:\/\/www.centraldenoticias.com.ar\/?p=50450"},"modified":"2022-03-31T15:56:08","modified_gmt":"2022-03-31T18:56:08","slug":"mas-de-600-estudiantes-cursaran-este-ano-en-la-facultad-de-ciencias-sociales","status":"publish","type":"post","link":"https:\/\/cdnoticias.com\/index.php\/2022\/03\/31\/mas-de-600-estudiantes-cursaran-este-ano-en-la-facultad-de-ciencias-sociales\/","title":{"rendered":"M\u00e1s de 600 estudiantes cursar\u00e1n este a\u00f1o en la Facultad de Ciencias Sociales"},"content":{"rendered":"<p>Hay cursadas en la sede del Campus Universitario, en las Unidades Penales, y se brindan propuestas a ciclo cerrado con modalidad virtual.<!--more--><\/p>\n<hr \/>\n<p>&nbsp;<\/p>\n<p>Una vez m\u00e1s la <strong>Facultad de Ciencias Sociales<\/strong> recibe a cientos de estudiantes que eligieron la universidad p\u00fablica para continuar con sus estudios, donde adem\u00e1s se podr\u00e1n sumar a las diversas propuestas y actividades que ofrece la FACSO. Con el <strong>retorno a la presencialidad<\/strong>, quedan atr\u00e1s dos a\u00f1os de cursadas completamente virtuales o con modalidad h\u00edbrida.<\/p>\n<p>&nbsp;<\/p>\n<p>Son <strong>m\u00e1s de 600 estudiantes que eligieron la oferta acad\u00e9mica de la Facultad de Ciencias Sociales<\/strong>, la mayor\u00eda de los cuales cursan las materias en la sede del Campus Universitario. Adem\u00e1s de quienes se sumaron este a\u00f1o, volvieron a recorrer los pasillos de la FACSO estudiantes de segundo a\u00f1o, tercer a\u00f1o y avanzados, que durante la pandemia estudiaron bajo la modalidad virtual.<\/p>\n<p>&nbsp;<\/p>\n<p>La Facultad de Ciencias Sociales recibe anualmente a <strong>estudiantes de Olavarr\u00eda y otras ciudades<\/strong> de la regi\u00f3n centro y otras zonas de la Provincia de Buenos Aires, como lo son Azul, Tandil, Laprida, Benito Ju\u00e1rez, Mar del Plata, General La Madrid, Bah\u00eda Blanca y Balcarce, entre otras.<\/p>\n<p>&nbsp;<\/p>\n<p><img data-recalc-dims=\"1\" loading=\"lazy\" decoding=\"async\" class=\"aligncenter wp-image-50452 size-full\" src=\"https:\/\/i0.wp.com\/cdnoticias.com\/wp-content\/uploads\/2022\/03\/estudiantes.jpg?resize=800%2C484&#038;ssl=1\" alt=\"\" width=\"800\" height=\"484\" srcset=\"https:\/\/i0.wp.com\/cdnoticias.com\/wp-content\/uploads\/2022\/03\/estudiantes.jpg?w=1000&amp;ssl=1 1000w, https:\/\/i0.wp.com\/cdnoticias.com\/wp-content\/uploads\/2022\/03\/estudiantes.jpg?resize=300%2C182&amp;ssl=1 300w, https:\/\/i0.wp.com\/cdnoticias.com\/wp-content\/uploads\/2022\/03\/estudiantes.jpg?resize=768%2C465&amp;ssl=1 768w\" sizes=\"auto, (max-width: 800px) 100vw, 800px\" \/><\/p>\n<p>&nbsp;<\/p>\n<p><strong>Este a\u00f1o se sumaron a la FACSO alrededor de 140 estudiantes<\/strong>, que cursar\u00e1n las materias en sede y tambi\u00e9n desde las unidades penales 2 y 38 del Complejo Penitenciario de Sierra Chica, y de la unidad 52 de Azul.<\/p>\n<p>&nbsp;<\/p>\n<p>En el caso de las ofertas de grado, <strong>gran parte de los\/as inscriptos\/as cursan las carreras de Periodismo y la Licenciatura en Comunicaci\u00f3n Social<\/strong>, y en menor medida lo hacen en la Licenciatura en Antropolog\u00eda Social, en los profesorados de Antropolog\u00eda y Comunicaci\u00f3n y en la Licenciatura en Antropolog\u00eda orientaci\u00f3n Arqueolog\u00eda.<\/p>\n<p>&nbsp;<\/p>\n<p>Para quienes estudian en sede, <strong>la modalidad de cursada es presencial<\/strong>, con la incorporaci\u00f3n de instancias de encuentros sincr\u00f3nicos o videollamadas, y asincr\u00f3nicos, a trav\u00e9s de la plataforma <strong>Sociales Virtual.<\/strong> De esta manera a lo largo de las cursadas tendr\u00e1n la posibilidad de trabajar con distintos formatos y modalidades de estudio.<\/p>\n<p>&nbsp;<\/p>\n<p>Sin dudas uno de los desaf\u00edos m\u00e1s importantes de la pandemia por el Covid-19 en el \u00e1mbito educativo fue la b\u00fasqueda de estrategias para poder garantizar una educaci\u00f3n de calidad en circunstancias in\u00e9ditas. Para esto, en la Facultad de Ciencias Sociales <strong>se comenzaron a implementar las aulas h\u00edbridas<\/strong>, en las que el encuentro se da de manera simult\u00e1nea para estudiantes que asisten de manera virtual y remota, y estudiantes que participan de manera presencial.<\/p>\n<p>&nbsp;<\/p>\n<p>&nbsp;<\/p>\n<p><img data-recalc-dims=\"1\" loading=\"lazy\" decoding=\"async\" class=\"aligncenter size-full wp-image-30018\" src=\"https:\/\/i0.wp.com\/cdnoticias.com\/wp-content\/uploads\/2021\/08\/Sede-Facultad.jpg?resize=800%2C462&#038;ssl=1\" alt=\"\" width=\"800\" height=\"462\" srcset=\"https:\/\/i0.wp.com\/cdnoticias.com\/wp-content\/uploads\/2021\/08\/Sede-Facultad.jpg?w=1500&amp;ssl=1 1500w, https:\/\/i0.wp.com\/cdnoticias.com\/wp-content\/uploads\/2021\/08\/Sede-Facultad.jpg?resize=300%2C173&amp;ssl=1 300w, https:\/\/i0.wp.com\/cdnoticias.com\/wp-content\/uploads\/2021\/08\/Sede-Facultad.jpg?resize=768%2C444&amp;ssl=1 768w, https:\/\/i0.wp.com\/cdnoticias.com\/wp-content\/uploads\/2021\/08\/Sede-Facultad.jpg?resize=1024%2C592&amp;ssl=1 1024w\" sizes=\"auto, (max-width: 800px) 100vw, 800px\" \/><\/p>\n<p>&nbsp;<\/p>\n<p><strong>Psicopedagog\u00eda y Relaciones Laborales<\/strong><\/p>\n<p>En paralelo, este mes tambi\u00e9n <strong>iniciaron las cursadas 120 estudiantes del Ciclo de Licenciatura en Psicopedagog\u00eda<\/strong>. Se trata de una propuesta formativa que cuenta con una alt\u00edsima demanda por parte de profesionales vinculados al \u00e1rea y que fue <strong>creada en el a\u00f1o 2021.<\/strong><\/p>\n<p>&nbsp;<\/p>\n<p>La <strong>Licenciatura en Psicopedagog\u00eda es a ciclo cerrado<\/strong> y se trata de la <strong>primera carrera<\/strong> de la Universidad Nacional del Centro <strong>que fue aprobada<\/strong> por el Sistema Institucional de Educaci\u00f3n a Distancia (SIED)<strong> para ser dictada de manera virtual.<\/strong><\/p>\n<p>&nbsp;<\/p>\n<p>Entre quienes se inscribieron se encuentran <strong>profesionales de Olavarr\u00eda, del resto de la provincia de Buenos Aires y de otros puntos del pa\u00eds<\/strong>. Tal es as\u00ed que comenzaron a cursar estudiantes de Tandil, Azul, Bah\u00eda Blanca, La Plata y Ciudad Aut\u00f3noma de Buenos Aires, y tambi\u00e9n de provincias como Jujuy, Salta y Tucum\u00e1n. Quienes se inscribieron se graduaron de institutos terciarios provinciales, nacionales o privados, y <strong>cuentan con el t\u00edtulo de Psicopedagogos\/as.<\/strong><\/p>\n<p>&nbsp;<\/p>\n<p>Adem\u00e1s, contin\u00faan sus estudios aquellas personas que eligieron el<strong> Ciclo de Licenciatura en Relaciones Laborales.<\/strong> Se trata de alrededor de <strong>30 profesionales que cursan el \u00faltimo a\u00f1o de la carrera<\/strong> que habilita a sus graduados\/as a desempe\u00f1arse en empresas e instituciones privadas o p\u00fablicas, en las direcciones o gerencias de personal (Recursos Humanos, Administraci\u00f3n de Personal, etc.), a trav\u00e9s del desarrollo de la gesti\u00f3n de \u00e1reas tales como Empleos, Remuneraciones y Beneficios, Capacitaci\u00f3n y Desarrollo, etc.<\/p>\n<p>&nbsp;<\/p>\n","protected":false},"excerpt":{"rendered":"<p>Hay cursadas en la sede del Campus Universitario, en las Unidades Penales, y se brindan propuestas a ciclo cerrado con<\/p>\n","protected":false},"author":6,"featured_media":50451,"comment_status":"closed","ping_status":"closed","sticky":false,"template":"","format":"standard","meta":{"_jetpack_memberships_contains_paid_content":false,"footnotes":""},"categories":[5,1],"tags":[],"class_list":["post-50450","post","type-post","status-publish","format-standard","has-post-thumbnail","hentry","category-informacion-general","category-portada"],"jetpack_featured_media_url":"https:\/\/i0.wp.com\/cdnoticias.com\/wp-content\/uploads\/2022\/03\/estudiantes2.jpg?fit=1000%2C571&ssl=1","jetpack_sharing_enabled":true,"_links":{"self":[{"href":"https:\/\/cdnoticias.com\/index.php\/wp-json\/wp\/v2\/posts\/50450","targetHints":{"allow":["GET"]}}],"collection":[{"href":"https:\/\/cdnoticias.com\/index.php\/wp-json\/wp\/v2\/posts"}],"about":[{"href":"https:\/\/cdnoticias.com\/index.php\/wp-json\/wp\/v2\/types\/post"}],"author":[{"embeddable":true,"href":"https:\/\/cdnoticias.com\/index.php\/wp-json\/wp\/v2\/users\/6"}],"replies":[{"embeddable":true,"href":"https:\/\/cdnoticias.com\/index.php\/wp-json\/wp\/v2\/comments?post=50450"}],"version-history":[{"count":0,"href":"https:\/\/cdnoticias.com\/index.php\/wp-json\/wp\/v2\/posts\/50450\/revisions"}],"wp:featuredmedia":[{"embeddable":true,"href":"https:\/\/cdnoticias.com\/index.php\/wp-json\/wp\/v2\/media\/50451"}],"wp:attachment":[{"href":"https:\/\/cdnoticias.com\/index.php\/wp-json\/wp\/v2\/media?parent=50450"}],"wp:term":[{"taxonomy":"category","embeddable":true,"href":"https:\/\/cdnoticias.com\/index.php\/wp-json\/wp\/v2\/categories?post=50450"},{"taxonomy":"post_tag","embeddable":true,"href":"https:\/\/cdnoticias.com\/index.php\/wp-json\/wp\/v2\/tags?post=50450"}],"curies":[{"name":"wp","href":"https:\/\/api.w.org\/{rel}","templated":true}]}}