{"id":5044,"date":"2020-10-27T20:51:27","date_gmt":"2020-10-27T23:51:27","guid":{"rendered":"http:\/\/www.centraldenoticias.com.ar\/?p=5044"},"modified":"2020-10-27T20:54:35","modified_gmt":"2020-10-27T23:54:35","slug":"la-subdelegacion-local-conmemoro-el-aniversario-de-la-policia-federal-argentina","status":"publish","type":"post","link":"https:\/\/cdnoticias.com\/index.php\/2020\/10\/27\/la-subdelegacion-local-conmemoro-el-aniversario-de-la-policia-federal-argentina\/","title":{"rendered":"La Subdelegaci\u00f3n local conmemor\u00f3 el aniversario de la Polic\u00eda Federal Argentina"},"content":{"rendered":"<p>El acto alusivo se desarroll\u00f3 en la tarde de este martes, respetando las medidas de bioseguridad. Se entregaron distinciones al personal destacado.<\/p>\n<p><!--more--><\/p>\n<hr \/>\n<p>En la jornada de este martes <strong>la subdelegaci\u00f3n local de la Polic\u00eda Federal Argentina conmemor\u00f3 el 199 de la creaci\u00f3n de esa fuerza<\/strong>, con un emotivo acto que se desarroll\u00f3 frente a la sede ubicada sobre la avenida Del Valle.<\/p>\n<p>&nbsp;<\/p>\n<p><img data-recalc-dims=\"1\" loading=\"lazy\" decoding=\"async\" class=\"alignnone size-large wp-image-5047\" src=\"https:\/\/i0.wp.com\/cdnoticias.com\/wp-content\/uploads\/2020\/10\/WhatsApp-Image-2020-10-27-at-20.30.10.jpeg?resize=800%2C382&#038;ssl=1\" alt=\"\" width=\"800\" height=\"382\" srcset=\"https:\/\/i0.wp.com\/cdnoticias.com\/wp-content\/uploads\/2020\/10\/WhatsApp-Image-2020-10-27-at-20.30.10.jpeg?resize=1024%2C489&amp;ssl=1 1024w, https:\/\/i0.wp.com\/cdnoticias.com\/wp-content\/uploads\/2020\/10\/WhatsApp-Image-2020-10-27-at-20.30.10.jpeg?resize=300%2C143&amp;ssl=1 300w, https:\/\/i0.wp.com\/cdnoticias.com\/wp-content\/uploads\/2020\/10\/WhatsApp-Image-2020-10-27-at-20.30.10.jpeg?resize=768%2C367&amp;ssl=1 768w, https:\/\/i0.wp.com\/cdnoticias.com\/wp-content\/uploads\/2020\/10\/WhatsApp-Image-2020-10-27-at-20.30.10.jpeg?w=1280&amp;ssl=1 1280w\" sizes=\"auto, (max-width: 800px) 100vw, 800px\" \/><\/p>\n<p>&nbsp;<\/p>\n<p><strong>La ceremonia conmemorativa se vio presidida por el titular de la Subdelegaci\u00f3n, el subcomisario Claudio Mart\u00edn Leyes<\/strong>, todo respetando las medidas de bioseguridad enmarcadas en la emergencia sanitaria por coronavirus.<\/p>\n<p>&nbsp;<\/p>\n<p><img data-recalc-dims=\"1\" loading=\"lazy\" decoding=\"async\" class=\"alignnone size-large wp-image-5045\" src=\"https:\/\/i0.wp.com\/cdnoticias.com\/wp-content\/uploads\/2020\/10\/WhatsApp-Image-2020-10-27-at-20.35.13.jpeg?resize=800%2C600&#038;ssl=1\" alt=\"\" width=\"800\" height=\"600\" srcset=\"https:\/\/i0.wp.com\/cdnoticias.com\/wp-content\/uploads\/2020\/10\/WhatsApp-Image-2020-10-27-at-20.35.13.jpeg?resize=1024%2C768&amp;ssl=1 1024w, https:\/\/i0.wp.com\/cdnoticias.com\/wp-content\/uploads\/2020\/10\/WhatsApp-Image-2020-10-27-at-20.35.13.jpeg?resize=300%2C225&amp;ssl=1 300w, https:\/\/i0.wp.com\/cdnoticias.com\/wp-content\/uploads\/2020\/10\/WhatsApp-Image-2020-10-27-at-20.35.13.jpeg?resize=768%2C576&amp;ssl=1 768w, https:\/\/i0.wp.com\/cdnoticias.com\/wp-content\/uploads\/2020\/10\/WhatsApp-Image-2020-10-27-at-20.35.13.jpeg?w=1032&amp;ssl=1 1032w\" sizes=\"auto, (max-width: 800px) 100vw, 800px\" \/><\/p>\n<p>&nbsp;<\/p>\n<p>El evento se inici\u00f3 con la <strong>entonaci\u00f3n del Himno Nacional Argentino, para luego dar paso a un respetuoso recuerdo y conmemoraci\u00f3n a los ca\u00eddos en el cumplimiento del deber.<\/strong><\/p>\n<p>&nbsp;<\/p>\n<p><img data-recalc-dims=\"1\" loading=\"lazy\" decoding=\"async\" class=\"alignnone size-large wp-image-5046\" src=\"https:\/\/i0.wp.com\/cdnoticias.com\/wp-content\/uploads\/2020\/10\/WhatsApp-Image-2020-10-27-at-20.32.19.jpeg?resize=800%2C600&#038;ssl=1\" alt=\"\" width=\"800\" height=\"600\" srcset=\"https:\/\/i0.wp.com\/cdnoticias.com\/wp-content\/uploads\/2020\/10\/WhatsApp-Image-2020-10-27-at-20.32.19.jpeg?resize=1024%2C768&amp;ssl=1 1024w, https:\/\/i0.wp.com\/cdnoticias.com\/wp-content\/uploads\/2020\/10\/WhatsApp-Image-2020-10-27-at-20.32.19.jpeg?resize=300%2C225&amp;ssl=1 300w, https:\/\/i0.wp.com\/cdnoticias.com\/wp-content\/uploads\/2020\/10\/WhatsApp-Image-2020-10-27-at-20.32.19.jpeg?resize=768%2C576&amp;ssl=1 768w, https:\/\/i0.wp.com\/cdnoticias.com\/wp-content\/uploads\/2020\/10\/WhatsApp-Image-2020-10-27-at-20.32.19.jpeg?w=1152&amp;ssl=1 1152w\" sizes=\"auto, (max-width: 800px) 100vw, 800px\" \/><\/p>\n<p>&nbsp;<\/p>\n<p><strong>Por \u00faltimo, se llev\u00f3 a cabo la entrega de distinciones al personal destacado<\/strong>, ellos fueron: Agente Federico Alejandro Lovito, Agente Marcelo Emanuel Benitez, Agente Sof\u00eda Micaela Pintos, Agente Jos\u00e9 David Ruiz, Agente Mat\u00edas Urzanqui, Agente Federico Gaspar Labaronnie, Sargento (t\u00e9cnico oficinista) Dar\u00edo Alejandro D\u00edaz, Cabo Mar\u00eda Alejandra G\u00f3mez y Mar\u00edanela Pamela Izarriga.<\/p>\n","protected":false},"excerpt":{"rendered":"<p>El acto alusivo se desarroll\u00f3 en la tarde de este martes, respetando las medidas de bioseguridad. Se entregaron distinciones al<\/p>\n","protected":false},"author":3,"featured_media":5048,"comment_status":"closed","ping_status":"closed","sticky":false,"template":"","format":"standard","meta":{"_jetpack_memberships_contains_paid_content":false,"footnotes":""},"categories":[5,1],"tags":[],"class_list":["post-5044","post","type-post","status-publish","format-standard","has-post-thumbnail","hentry","category-informacion-general","category-portada"],"jetpack_featured_media_url":"https:\/\/i0.wp.com\/cdnoticias.com\/wp-content\/uploads\/2020\/10\/WhatsApp-Image-2020-10-27-at-20.29.30-e1603842845558.jpeg?fit=1132%2C809&ssl=1","jetpack_sharing_enabled":true,"_links":{"self":[{"href":"https:\/\/cdnoticias.com\/index.php\/wp-json\/wp\/v2\/posts\/5044","targetHints":{"allow":["GET"]}}],"collection":[{"href":"https:\/\/cdnoticias.com\/index.php\/wp-json\/wp\/v2\/posts"}],"about":[{"href":"https:\/\/cdnoticias.com\/index.php\/wp-json\/wp\/v2\/types\/post"}],"author":[{"embeddable":true,"href":"https:\/\/cdnoticias.com\/index.php\/wp-json\/wp\/v2\/users\/3"}],"replies":[{"embeddable":true,"href":"https:\/\/cdnoticias.com\/index.php\/wp-json\/wp\/v2\/comments?post=5044"}],"version-history":[{"count":0,"href":"https:\/\/cdnoticias.com\/index.php\/wp-json\/wp\/v2\/posts\/5044\/revisions"}],"wp:featuredmedia":[{"embeddable":true,"href":"https:\/\/cdnoticias.com\/index.php\/wp-json\/wp\/v2\/media\/5048"}],"wp:attachment":[{"href":"https:\/\/cdnoticias.com\/index.php\/wp-json\/wp\/v2\/media?parent=5044"}],"wp:term":[{"taxonomy":"category","embeddable":true,"href":"https:\/\/cdnoticias.com\/index.php\/wp-json\/wp\/v2\/categories?post=5044"},{"taxonomy":"post_tag","embeddable":true,"href":"https:\/\/cdnoticias.com\/index.php\/wp-json\/wp\/v2\/tags?post=5044"}],"curies":[{"name":"wp","href":"https:\/\/api.w.org\/{rel}","templated":true}]}}