{"id":50429,"date":"2022-03-31T16:51:41","date_gmt":"2022-03-31T19:51:41","guid":{"rendered":"https:\/\/www.centraldenoticias.com.ar\/?p=50429"},"modified":"2022-03-31T16:51:41","modified_gmt":"2022-03-31T19:51:41","slug":"abastecimiento-de-gas-el-gobierno-estimo-que-no-faltara-durante-el-invierno","status":"publish","type":"post","link":"https:\/\/cdnoticias.com\/index.php\/2022\/03\/31\/abastecimiento-de-gas-el-gobierno-estimo-que-no-faltara-durante-el-invierno\/","title":{"rendered":"Abastecimiento de gas: el Gobierno estim\u00f3 que no faltar\u00e1 durante el invierno"},"content":{"rendered":"<p>\u201cLa Argentina va a tener que importar este a\u00f1o menos gas que en los a\u00f1os anteriores\u201d, dijo la portavoz presidencial, Gabriela Cerruti. La finalizaci\u00f3n del gasoducto que unir\u00e1 Vaca Muerta con Salliquel\u00f3. El abastecimiento de gasoil.<!--more--><\/p>\n<hr \/>\n<p><strong>La portavoz presidencial, Gabriela Cerruti, asegur\u00f3 este jueves que el Gobierno puede garantizar que no va a faltar gas en invierno<\/strong>, y en ese sentido asegur\u00f3 se est\u00e1 trabajando no solo para que eso no pase sino <em>para que los precios internacionales, como consecuencia de la guerra entre Rusia y Ucrania, \u201cno impacten\u201d en los costos.<\/em><\/p>\n<p>&nbsp;<\/p>\n<blockquote><p>\u201cLa Argentina va a tener que importar este a\u00f1o menos gas que en los a\u00f1os anteriores porque tiene mayor provisi\u00f3n de gas y esto tiene que ver con el crecimiento que hemos tenido en los \u00faltimos a\u00f1os en cuanto a la explotaci\u00f3n de gas de Vaca Muerta. Este a\u00f1o ya es auspicioso que vamos a tener que importar bastante menos que en los a\u00f1os anteriores\u201d, dijo Cerruti.<\/p><\/blockquote>\n<p>&nbsp;<\/p>\n<p>En su habitual conferencia de prensa en Casa Rosada, anticip\u00f3 que <strong>el ministro de Econom\u00eda Mart\u00edn Guzm\u00e1n y el secretario de Energ\u00eda Dar\u00edo Mart\u00ednez est\u00e1n llevando adelante negociaciones para evitar falta de gas en el invierno<\/strong> y cuyos resultados se van a conocer la pr\u00f3xima semana.<\/p>\n<p>&nbsp;<\/p>\n<p>Asimismo, la portavoz se refiri\u00f3 tambi\u00e9n a la escasez de gasoil en las estaciones de servicio en ciertas zonas del pa\u00eds.<strong> \u201cEl Gobierno entiende que no hay en este momento todav\u00eda faltante de gasoil. Estamos en una situaci\u00f3n internacional que es muy demandante y nos mantiene alerta.<\/strong> La Secretar\u00eda de Energ\u00eda est\u00e1 llevando adelante negociaciones y conversaciones con cada uno de los sectores para garantizar que no haya faltante\u201d, dijo.<\/p>\n<p>&nbsp;<\/p>\n<figure id=\"attachment_43884\" aria-describedby=\"caption-attachment-43884\" style=\"width: 900px\" class=\"wp-caption aligncenter\"><img data-recalc-dims=\"1\" loading=\"lazy\" decoding=\"async\" class=\"wp-image-43884 size-full\" src=\"https:\/\/i0.wp.com\/cdnoticias.com\/wp-content\/uploads\/2022\/01\/telam-cerruti.jpg?resize=800%2C450&#038;ssl=1\" alt=\"\" width=\"800\" height=\"450\" srcset=\"https:\/\/i0.wp.com\/cdnoticias.com\/wp-content\/uploads\/2022\/01\/telam-cerruti.jpg?w=900&amp;ssl=1 900w, https:\/\/i0.wp.com\/cdnoticias.com\/wp-content\/uploads\/2022\/01\/telam-cerruti.jpg?resize=300%2C169&amp;ssl=1 300w, https:\/\/i0.wp.com\/cdnoticias.com\/wp-content\/uploads\/2022\/01\/telam-cerruti.jpg?resize=768%2C432&amp;ssl=1 768w\" sizes=\"auto, (max-width: 800px) 100vw, 800px\" \/><figcaption id=\"caption-attachment-43884\" class=\"wp-caption-text\">La portavoz presidencial, Gabriela Cerruti. Foto: Archivo \/ TELAM<\/figcaption><\/figure>\n<p>&nbsp;<\/p>\n<blockquote><p>\u201cEn todos los casos (gas y gasoil), se est\u00e1n llevando adelante las negociaciones y conversaciones para que no haya ning\u00fan tipo de faltante y esperamos que este efectivamente ocurra. Es un tema que por ejemplo plate\u00f3 el presidente de la UIA (Uni\u00f3n Industrial Argentina) porque es un tema que todos son conscientes que va a tener repercusi\u00f3n el tema internacional. Hay faltante de gas y petr\u00f3leo en el mundo y tiene precios exorbitantes a ra\u00edz de lo que est\u00e1 sucediendo en la guerra en Ucrania. Todos los sectores solidariamente podemos sentarnos a encontrar la soluci\u00f3n\u201d, concluy\u00f3.<\/p><\/blockquote>\n<p>&nbsp;<\/p>\n<p>Cabe recordar que en la primera licitaci\u00f3n importante para conseguir gas de cara al invierno, Ieasa -la ex Enarsa- seleccion\u00f3 recientemente los <strong>proveedores de ocho barcos de GNL que llegar\u00e1n en mayo.<\/strong><\/p>\n<p>&nbsp;<\/p>\n<p>Con <strong>valores cinco veces superiores a los del invierno pasado<\/strong>, debido a la guerra, estos primeros ocho barcos <strong>representan menos de una quinta parte de las necesidades de importaci\u00f3n<\/strong> de este a\u00f1o. Se estima que el pa\u00eds demandar\u00e1 no menos de 50 barcos desde mayo hasta septiembre.<\/p>\n<p>&nbsp;<\/p>\n<p><strong>Durante el invierno, el pa\u00eds solo produce el 73% del gas que consume.<\/strong> El resto le llega a trav\u00e9s de un Bolivia y los barcos de GNL importado. Sin embargo, la apuesta del Gobierno es que a mediados de 2023 est\u00e9 listo <strong>el gasoducto que unir\u00e1 Vaca Muerta con Salliquel\u00f3, en la provincia de Buenos Aires.<\/strong> La formaci\u00f3n Vaca Muerta posee reservas de este recurso que garantizan el consumo de gas por 50 a\u00f1os.<\/p>\n<p>&nbsp;<\/p>\n<p>Fuente:<em> Agencia DIB<\/em><\/p>\n","protected":false},"excerpt":{"rendered":"<p>\u201cLa Argentina va a tener que importar este a\u00f1o menos gas que en los a\u00f1os anteriores\u201d, dijo la portavoz presidencial,<\/p>\n","protected":false},"author":4,"featured_media":47716,"comment_status":"closed","ping_status":"closed","sticky":false,"template":"","format":"standard","meta":{"_jetpack_memberships_contains_paid_content":false,"footnotes":""},"categories":[6],"tags":[],"class_list":["post-50429","post","type-post","status-publish","format-standard","has-post-thumbnail","hentry","category-nacionales"],"jetpack_featured_media_url":"https:\/\/i0.wp.com\/cdnoticias.com\/wp-content\/uploads\/2022\/03\/gas-hornalla-696x466-1.jpg?fit=696%2C466&ssl=1","jetpack_sharing_enabled":true,"_links":{"self":[{"href":"https:\/\/cdnoticias.com\/index.php\/wp-json\/wp\/v2\/posts\/50429","targetHints":{"allow":["GET"]}}],"collection":[{"href":"https:\/\/cdnoticias.com\/index.php\/wp-json\/wp\/v2\/posts"}],"about":[{"href":"https:\/\/cdnoticias.com\/index.php\/wp-json\/wp\/v2\/types\/post"}],"author":[{"embeddable":true,"href":"https:\/\/cdnoticias.com\/index.php\/wp-json\/wp\/v2\/users\/4"}],"replies":[{"embeddable":true,"href":"https:\/\/cdnoticias.com\/index.php\/wp-json\/wp\/v2\/comments?post=50429"}],"version-history":[{"count":0,"href":"https:\/\/cdnoticias.com\/index.php\/wp-json\/wp\/v2\/posts\/50429\/revisions"}],"wp:featuredmedia":[{"embeddable":true,"href":"https:\/\/cdnoticias.com\/index.php\/wp-json\/wp\/v2\/media\/47716"}],"wp:attachment":[{"href":"https:\/\/cdnoticias.com\/index.php\/wp-json\/wp\/v2\/media?parent=50429"}],"wp:term":[{"taxonomy":"category","embeddable":true,"href":"https:\/\/cdnoticias.com\/index.php\/wp-json\/wp\/v2\/categories?post=50429"},{"taxonomy":"post_tag","embeddable":true,"href":"https:\/\/cdnoticias.com\/index.php\/wp-json\/wp\/v2\/tags?post=50429"}],"curies":[{"name":"wp","href":"https:\/\/api.w.org\/{rel}","templated":true}]}}