{"id":50405,"date":"2022-03-31T09:01:07","date_gmt":"2022-03-31T12:01:07","guid":{"rendered":"https:\/\/www.centraldenoticias.com.ar\/?p=50405"},"modified":"2022-03-31T09:01:07","modified_gmt":"2022-03-31T12:01:07","slug":"infraccion-y-secuestro-de-dos-remises-que-no-estaban-habilitados","status":"publish","type":"post","link":"https:\/\/cdnoticias.com\/index.php\/2022\/03\/31\/infraccion-y-secuestro-de-dos-remises-que-no-estaban-habilitados\/","title":{"rendered":"Infracci\u00f3n y secuestro de dos remises que no estaban habilitados"},"content":{"rendered":"<p>M\u00e1s de una decena de infracciones se labraron en controles de tr\u00e1nsito realizados por la Subsecretar\u00eda de Seguridad municipal este mi\u00e9rcoles.<br \/>\n<!--more--><\/p>\n<hr \/>\n<p><strong>En el transcurso del mi\u00e9rcoles se realizaron controles de veh\u00edculos de uso particular y de remis<\/strong>, tal como se dio a conocer desde la Subsecretar\u00eda de Seguridad municipal.<\/p>\n<p>&nbsp;<\/p>\n<p><strong>Fueron interceptados 36 veh\u00edculos y se labraron 12 infracciones<\/strong> por diferentes items, entre ellos, falta de VTV, falta de seguro, licencia y licencia vencida.<\/p>\n<p>&nbsp;<\/p>\n<p><img data-recalc-dims=\"1\" loading=\"lazy\" decoding=\"async\" class=\"size-full wp-image-50379 aligncenter\" src=\"https:\/\/i0.wp.com\/cdnoticias.com\/wp-content\/uploads\/2022\/03\/operativo.jpg?resize=800%2C445&#038;ssl=1\" alt=\"\" width=\"800\" height=\"445\" srcset=\"https:\/\/i0.wp.com\/cdnoticias.com\/wp-content\/uploads\/2022\/03\/operativo.jpg?w=800&amp;ssl=1 800w, https:\/\/i0.wp.com\/cdnoticias.com\/wp-content\/uploads\/2022\/03\/operativo.jpg?resize=300%2C167&amp;ssl=1 300w, https:\/\/i0.wp.com\/cdnoticias.com\/wp-content\/uploads\/2022\/03\/operativo.jpg?resize=768%2C427&amp;ssl=1 768w\" sizes=\"auto, (max-width: 800px) 100vw, 800px\" \/><\/p>\n<p>&nbsp;<\/p>\n<p>Se destac\u00f3 que <strong>dos de los veh\u00edculos que fueron retenidos son remises que no estaban habilitados para tal fin<\/strong> y no ten\u00edan licencia para el mismo modo de trabajo.<\/p>\n<p>&nbsp;<\/p>\n<p><strong>Otros dos autos particulares fueron retenidos<\/strong> por no tener seguros y falta de licencia habilitante para conducir.<\/p>\n<p>&nbsp;<\/p>\n<p>Por todo ello, se labraron las actuaciones contravencionales a la <strong>Ley 24.449<\/strong> con injerencia del Juzgado de Faltas local.<\/p>\n","protected":false},"excerpt":{"rendered":"<p>M\u00e1s de una decena de infracciones se labraron en controles de tr\u00e1nsito realizados por la Subsecretar\u00eda de Seguridad municipal este<\/p>\n","protected":false},"author":4,"featured_media":50407,"comment_status":"closed","ping_status":"closed","sticky":false,"template":"","format":"standard","meta":{"_jetpack_memberships_contains_paid_content":false,"footnotes":""},"categories":[5,1],"tags":[],"class_list":["post-50405","post","type-post","status-publish","format-standard","has-post-thumbnail","hentry","category-informacion-general","category-portada"],"jetpack_featured_media_url":"https:\/\/i0.wp.com\/cdnoticias.com\/wp-content\/uploads\/2022\/03\/control-de-transito.jpeg?fit=1600%2C739&ssl=1","jetpack_sharing_enabled":true,"_links":{"self":[{"href":"https:\/\/cdnoticias.com\/index.php\/wp-json\/wp\/v2\/posts\/50405","targetHints":{"allow":["GET"]}}],"collection":[{"href":"https:\/\/cdnoticias.com\/index.php\/wp-json\/wp\/v2\/posts"}],"about":[{"href":"https:\/\/cdnoticias.com\/index.php\/wp-json\/wp\/v2\/types\/post"}],"author":[{"embeddable":true,"href":"https:\/\/cdnoticias.com\/index.php\/wp-json\/wp\/v2\/users\/4"}],"replies":[{"embeddable":true,"href":"https:\/\/cdnoticias.com\/index.php\/wp-json\/wp\/v2\/comments?post=50405"}],"version-history":[{"count":0,"href":"https:\/\/cdnoticias.com\/index.php\/wp-json\/wp\/v2\/posts\/50405\/revisions"}],"wp:featuredmedia":[{"embeddable":true,"href":"https:\/\/cdnoticias.com\/index.php\/wp-json\/wp\/v2\/media\/50407"}],"wp:attachment":[{"href":"https:\/\/cdnoticias.com\/index.php\/wp-json\/wp\/v2\/media?parent=50405"}],"wp:term":[{"taxonomy":"category","embeddable":true,"href":"https:\/\/cdnoticias.com\/index.php\/wp-json\/wp\/v2\/categories?post=50405"},{"taxonomy":"post_tag","embeddable":true,"href":"https:\/\/cdnoticias.com\/index.php\/wp-json\/wp\/v2\/tags?post=50405"}],"curies":[{"name":"wp","href":"https:\/\/api.w.org\/{rel}","templated":true}]}}