{"id":50350,"date":"2022-03-30T18:09:00","date_gmt":"2022-03-30T21:09:00","guid":{"rendered":"https:\/\/www.centraldenoticias.com.ar\/?p=50350"},"modified":"2022-04-03T04:03:57","modified_gmt":"2022-04-03T07:03:57","slug":"leonardo-wagner-el-jardin-n-930-que-inauguro-ayer-el-intendente-no-tiene-gas","status":"publish","type":"post","link":"https:\/\/cdnoticias.com\/index.php\/2022\/03\/30\/leonardo-wagner-el-jardin-n-930-que-inauguro-ayer-el-intendente-no-tiene-gas\/","title":{"rendered":"Leonardo Wagner: \u201cEl Jard\u00edn N\u00b0 930 que inaugur\u00f3 ayer el intendente no tiene gas\u201d"},"content":{"rendered":"<p>As\u00ed lo confirmaron desde el cuerpo de Consejeros Escolares del Frente de Todos a menos de 48 horas de la apertura.<!--more--><\/p>\n<hr \/>\n<p>&nbsp;<\/p>\n<p><strong>Consejeros Escolares del Frente de Todos<\/strong> confirmaron, a<strong> menos de 48 horas de la apertura de el Jard\u00edn N.\u00ba 930,<\/strong> que la <strong>instituci\u00f3n no tiene gas.\u00a0<\/strong><\/p>\n<p>&nbsp;<\/p>\n<p><strong>Leonardo Wagner,<\/strong> uno de los <strong>responsables del Servicio Alimentario Escolar<\/strong> inform\u00f3 que <a href=\"https:\/\/cdnoticias.com\/index.php\/2022\/03\/29\/con-el-valor-de-las-condiciones-optimas-para-el-aprendizaje-se-inauguro-la-reforma-del-jardin-930\/\" target=\"_blank\" rel=\"noopener\">el nuevo edificio del Jard\u00edn N\u00b0 930<\/a> <strong>no cuenta con las instalaciones de gas correspondientes, directamente no tienen medidor.<\/strong><\/p>\n<p>&nbsp;<\/p>\n<p>\u201c<strong>El Jard\u00edn N\u00b0 930 que inaugur\u00f3 ayer el Intendente no tiene gas,<\/strong> directamente no tienen medidor. <strong>Hoy tuvieron que calentar la leche en lo de una vecina.<\/strong> El Consejo Escolar a trav\u00e9s del SAE va a garantizar llevando leche para que puedan continuar con la presencialidad jueves y viernes\u201d agreg\u00f3 Wagner.<\/p>\n<p>&nbsp;<\/p>\n<p><strong>\u201cEs una irresponsabilidad total lo que hizo el intendente<\/strong>, ayer en la inauguraci\u00f3n<strong> se jact\u00f3 de que le encanta recorrer las obras desde que se pone el primer ladrillo hasta el \u00faltimo<\/strong>, <strong>se olvid\u00f3 de revisar nada m\u00e1s ni nada menos que las instalaciones de gas<\/strong>\u201d concluy\u00f3 Wagner.<\/p>\n","protected":false},"excerpt":{"rendered":"<p>As\u00ed lo confirmaron desde el cuerpo de Consejeros Escolares del Frente de Todos a menos de 48 horas de la<\/p>\n","protected":false},"author":6,"featured_media":50224,"comment_status":"closed","ping_status":"closed","sticky":false,"template":"","format":"standard","meta":{"_jetpack_memberships_contains_paid_content":false,"footnotes":""},"categories":[5,1],"tags":[],"class_list":["post-50350","post","type-post","status-publish","format-standard","has-post-thumbnail","hentry","category-informacion-general","category-portada"],"jetpack_featured_media_url":"https:\/\/i0.wp.com\/cdnoticias.com\/wp-content\/uploads\/2022\/03\/jardin-930-06.jpg?fit=1152%2C641&ssl=1","jetpack_sharing_enabled":true,"_links":{"self":[{"href":"https:\/\/cdnoticias.com\/index.php\/wp-json\/wp\/v2\/posts\/50350","targetHints":{"allow":["GET"]}}],"collection":[{"href":"https:\/\/cdnoticias.com\/index.php\/wp-json\/wp\/v2\/posts"}],"about":[{"href":"https:\/\/cdnoticias.com\/index.php\/wp-json\/wp\/v2\/types\/post"}],"author":[{"embeddable":true,"href":"https:\/\/cdnoticias.com\/index.php\/wp-json\/wp\/v2\/users\/6"}],"replies":[{"embeddable":true,"href":"https:\/\/cdnoticias.com\/index.php\/wp-json\/wp\/v2\/comments?post=50350"}],"version-history":[{"count":0,"href":"https:\/\/cdnoticias.com\/index.php\/wp-json\/wp\/v2\/posts\/50350\/revisions"}],"wp:featuredmedia":[{"embeddable":true,"href":"https:\/\/cdnoticias.com\/index.php\/wp-json\/wp\/v2\/media\/50224"}],"wp:attachment":[{"href":"https:\/\/cdnoticias.com\/index.php\/wp-json\/wp\/v2\/media?parent=50350"}],"wp:term":[{"taxonomy":"category","embeddable":true,"href":"https:\/\/cdnoticias.com\/index.php\/wp-json\/wp\/v2\/categories?post=50350"},{"taxonomy":"post_tag","embeddable":true,"href":"https:\/\/cdnoticias.com\/index.php\/wp-json\/wp\/v2\/tags?post=50350"}],"curies":[{"name":"wp","href":"https:\/\/api.w.org\/{rel}","templated":true}]}}