{"id":50336,"date":"2022-03-31T10:00:51","date_gmt":"2022-03-31T13:00:51","guid":{"rendered":"https:\/\/www.centraldenoticias.com.ar\/?p=50336"},"modified":"2022-03-31T10:05:24","modified_gmt":"2022-03-31T13:05:24","slug":"estudiantes-de-sociales-recorrieron-el-espacio-de-memoria-monte-pelloni","status":"publish","type":"post","link":"https:\/\/cdnoticias.com\/index.php\/2022\/03\/31\/estudiantes-de-sociales-recorrieron-el-espacio-de-memoria-monte-pelloni\/","title":{"rendered":"Estudiantes de Sociales recorrieron el Espacio de Memoria Monte Pelloni"},"content":{"rendered":"<div>\n<div>La visita fue en el marco de las actividades de Marzo por la Memoria. Participaron Carmelo Vinci y Carlos Genson, quienes estuvieron detenidos en este sitio.<\/div>\n<\/div>\n<p><!--more--><\/p>\n<hr \/>\n<div><\/div>\n<div>Un <strong>grupo de estudiantes de los primeros a\u00f1os de la FACSO<\/strong> recorrieron el <strong>Espacio de Memoria y ex Centro Clandestino de Detenci\u00f3n Monte Pelloni<\/strong>, en el que ocurrieron <strong>cr\u00edmenes de lesa humanidad durante la \u00faltima dictadura<\/strong> c\u00edvico militar ocurrida en nuestro pa\u00eds.\n<\/div>\n<p>&nbsp;<\/p>\n<p>&nbsp;\n<\/p><\/div>\n<div><\/div>\n<div><\/div>\n<div>La propuesta, enmarcada en <strong>Marzo por la Memoria<\/strong>, fue <strong>organizada por el Centro de Estudiantes de la Facultad de Ciencias Sociales<\/strong> en articulaci\u00f3n con la<strong> Comisi\u00f3n de la Memoria de Olavarr\u00eda<\/strong>. En la misma participaron <strong>Carmelo Vinci y Carlos Genson, ex detenidos y desaparecidos en Monte Pelloni,<\/strong> en tanto que por la Facultad de Ciencias Sociales estuvieron presentes la Decana de la unidad acad\u00e9mica, Lic. Gabriela Gamberini; y el Secretario de Extensi\u00f3n, Lic. Nicol\u00e1s Casado.<\/div>\n<div>\n<p>&nbsp;<\/p>\n<p><strong>Hasta el a\u00f1o 2019 las visitas a Monte Pelloni<\/strong> por parte de ingresantes a la FACSO se realizaban de <strong>manera anual, pero producto de la pandemia las mismas se discontinuaron<\/strong> y reci\u00e9n este a\u00f1o los y las estudiantes pudieron acercarse y conocer lo que sucedi\u00f3 en este Centro Clandestino de Detenci\u00f3n.<\/p>\n<\/div>\n<p>&nbsp;<\/p>\n<p><img data-recalc-dims=\"1\" loading=\"lazy\" decoding=\"async\" class=\"aligncenter wp-image-50340 size-large\" src=\"https:\/\/i0.wp.com\/cdnoticias.com\/wp-content\/uploads\/2022\/03\/monte21.jpg?resize=800%2C508&#038;ssl=1\" alt=\"\" width=\"800\" height=\"508\" srcset=\"https:\/\/i0.wp.com\/cdnoticias.com\/wp-content\/uploads\/2022\/03\/monte21.jpg?resize=1024%2C650&amp;ssl=1 1024w, https:\/\/i0.wp.com\/cdnoticias.com\/wp-content\/uploads\/2022\/03\/monte21.jpg?resize=300%2C190&amp;ssl=1 300w, https:\/\/i0.wp.com\/cdnoticias.com\/wp-content\/uploads\/2022\/03\/monte21.jpg?resize=768%2C487&amp;ssl=1 768w, https:\/\/i0.wp.com\/cdnoticias.com\/wp-content\/uploads\/2022\/03\/monte21.jpg?w=1393&amp;ssl=1 1393w\" sizes=\"auto, (max-width: 800px) 100vw, 800px\" \/><\/p>\n<div>\n<p>&nbsp;<\/p>\n<p>Adem\u00e1s de la carteler\u00eda que acompa\u00f1a todo el recorrido hasta llegar a la casona, durante la visita Vinci y Genson, integrantes de la Comisi\u00f3n de la Memoria local, <strong>explicaron en primera persona lo que ocurri\u00f3 en este sitio<\/strong>, pusieron en contexto lo que suced\u00eda en Olavarr\u00eda y la regi\u00f3n en esos tiempos y <strong>respondieron las\u00a0consultas de los y las estudiantes.<\/strong><\/p>\n<p>&nbsp;<\/p>\n<p>Acerca de esta actividad, la Lic. Gamberini puso de relevancia la<strong> \u201cimportancia de esta tem\u00e1tica que atraviesa de forma transversal las distintas carreras que se dictan en la Facultad de Ciencias Sociales\u201d,<\/strong> oportunidad en la que destac\u00f3 adem\u00e1s \u201cel compromiso hist\u00f3rico de la FACSO en la <strong>promoci\u00f3n y defensa de los derechos humanos<\/strong> enmarcado en las pol\u00edticas de <strong>Memoria, Verdad y Justicia\u201d<\/strong>. La decana de la unidad acad\u00e9mica celebr\u00f3 que, luego de dos a\u00f1os de pandemia, nuevamente los y las estudiantes puedan acercarse al Espacio de la Memoria y reflexionar acerca de lo ocurrido en la \u00faltima dictadura c\u00edvico militar en la Argentina.<\/p>\n<\/div>\n<p>&nbsp;<\/p>\n<p><img data-recalc-dims=\"1\" loading=\"lazy\" decoding=\"async\" class=\"aligncenter wp-image-50342 size-full\" src=\"https:\/\/i0.wp.com\/cdnoticias.com\/wp-content\/uploads\/2022\/03\/monte3.jpg?resize=800%2C446&#038;ssl=1\" alt=\"\" width=\"800\" height=\"446\" srcset=\"https:\/\/i0.wp.com\/cdnoticias.com\/wp-content\/uploads\/2022\/03\/monte3.jpg?w=1000&amp;ssl=1 1000w, https:\/\/i0.wp.com\/cdnoticias.com\/wp-content\/uploads\/2022\/03\/monte3.jpg?resize=300%2C167&amp;ssl=1 300w, https:\/\/i0.wp.com\/cdnoticias.com\/wp-content\/uploads\/2022\/03\/monte3.jpg?resize=768%2C428&amp;ssl=1 768w, https:\/\/i0.wp.com\/cdnoticias.com\/wp-content\/uploads\/2022\/03\/monte3.jpg?resize=800%2C445&amp;ssl=1 800w\" sizes=\"auto, (max-width: 800px) 100vw, 800px\" \/><\/p>\n<p>&nbsp;<\/p>\n<p><strong>\u201cRecuperar memor<\/strong><strong>i<\/strong><strong>a\u201d<\/strong><\/p>\n<p>&nbsp;<\/p>\n<div>\n<p>La <strong>Presidenta del Centro de Estudiantes, Agustina Pagano<\/strong>, destac\u00f3 sobre esta actividad la <strong>relevancia de poder retomar las visitas luego de dos a\u00f1os de pandemia,<\/strong> y en esta oportunidad se invit\u00f3 especialmente a estudiantes de primer, segundo y tercer a\u00f1o.<\/p>\n<p>&nbsp;<\/p>\n<p>La visita al <strong>Espacio de la Memoria se realiza desde el 2013<\/strong> y \u201cest\u00e1 pensada para que las y los estudiantes puedan conocer la historia de la ciudad. El lunes sobre todo <strong>hab\u00eda muchos estudiantes que no eran de Olavarr\u00eda por lo que gener\u00f3 mucha intriga conocer un poco m\u00e1s de la historia\u00a0de la ciudad,<\/strong> del relato de los ex detenidos y sobre todo que est\u00e9 contado en primera persona\u201d, explic\u00f3 Agustina.<\/p>\n<p>&nbsp;<\/p>\n<p>En este sentido <strong>valor\u00f3 la importancia de que Carmelo Vinci y Carlos Genson participen de estas propuestas:<\/strong> \u201cCreo que no ser\u00eda lo mismo recorrer el Monte sin la palabra de ellos, <strong>siempre estamos agradecidos a que se sumen a la actividad<\/strong> y a que tengan la predisposici\u00f3n de contar todo lo que vivieron\u201d.<\/p>\n<\/div>\n<p>&nbsp;<\/p>\n<p><img data-recalc-dims=\"1\" loading=\"lazy\" decoding=\"async\" class=\"aligncenter wp-image-50343 size-large\" src=\"https:\/\/i0.wp.com\/cdnoticias.com\/wp-content\/uploads\/2022\/03\/monte13.jpg?resize=800%2C512&#038;ssl=1\" alt=\"\" width=\"800\" height=\"512\" srcset=\"https:\/\/i0.wp.com\/cdnoticias.com\/wp-content\/uploads\/2022\/03\/monte13.jpg?resize=1024%2C655&amp;ssl=1 1024w, https:\/\/i0.wp.com\/cdnoticias.com\/wp-content\/uploads\/2022\/03\/monte13.jpg?resize=300%2C192&amp;ssl=1 300w, https:\/\/i0.wp.com\/cdnoticias.com\/wp-content\/uploads\/2022\/03\/monte13.jpg?resize=768%2C491&amp;ssl=1 768w, https:\/\/i0.wp.com\/cdnoticias.com\/wp-content\/uploads\/2022\/03\/monte13.jpg?w=1480&amp;ssl=1 1480w\" sizes=\"auto, (max-width: 800px) 100vw, 800px\" \/><\/p>\n<div>\n<p>&nbsp;<\/p>\n<p>Acerca de la experiencia de la visita, indic\u00f3 que<strong> estudiantes se sintieron muy movilizados por la historia y el relato de las v\u00edctimas.<\/strong> \u201cMuchos estudiantes no pod\u00edan creer que ellos mismos nos est\u00e9n contando la historia que vivieron, otros me comentaron que se les puso la piel de gallina con tan s\u00f3lo ver el lugar\u201d, agreg\u00f3.<\/p>\n<p>&nbsp;<\/p>\n<p>Por \u00faltimo como representante del Centro de Estudiantes de la Facultad de Ciencias Sociales expuso que \u201c<strong>nos parece muy importante cada 24 de marzo recuperar memoria, y que estas actividades sigan siendo una de las m\u00e1s importantes del a\u00f1o<\/strong>\u201d.<\/p>\n<\/div>\n","protected":false},"excerpt":{"rendered":"<p>La visita fue en el marco de las actividades de Marzo por la Memoria. Participaron Carmelo Vinci y Carlos Genson,<\/p>\n","protected":false},"author":6,"featured_media":50337,"comment_status":"closed","ping_status":"closed","sticky":false,"template":"","format":"standard","meta":{"_jetpack_memberships_contains_paid_content":false,"footnotes":""},"categories":[5,1],"tags":[],"class_list":["post-50336","post","type-post","status-publish","format-standard","has-post-thumbnail","hentry","category-informacion-general","category-portada"],"jetpack_featured_media_url":"https:\/\/i0.wp.com\/cdnoticias.com\/wp-content\/uploads\/2022\/03\/monte18.jpg?fit=1426%2C898&ssl=1","jetpack_sharing_enabled":true,"_links":{"self":[{"href":"https:\/\/cdnoticias.com\/index.php\/wp-json\/wp\/v2\/posts\/50336","targetHints":{"allow":["GET"]}}],"collection":[{"href":"https:\/\/cdnoticias.com\/index.php\/wp-json\/wp\/v2\/posts"}],"about":[{"href":"https:\/\/cdnoticias.com\/index.php\/wp-json\/wp\/v2\/types\/post"}],"author":[{"embeddable":true,"href":"https:\/\/cdnoticias.com\/index.php\/wp-json\/wp\/v2\/users\/6"}],"replies":[{"embeddable":true,"href":"https:\/\/cdnoticias.com\/index.php\/wp-json\/wp\/v2\/comments?post=50336"}],"version-history":[{"count":0,"href":"https:\/\/cdnoticias.com\/index.php\/wp-json\/wp\/v2\/posts\/50336\/revisions"}],"wp:featuredmedia":[{"embeddable":true,"href":"https:\/\/cdnoticias.com\/index.php\/wp-json\/wp\/v2\/media\/50337"}],"wp:attachment":[{"href":"https:\/\/cdnoticias.com\/index.php\/wp-json\/wp\/v2\/media?parent=50336"}],"wp:term":[{"taxonomy":"category","embeddable":true,"href":"https:\/\/cdnoticias.com\/index.php\/wp-json\/wp\/v2\/categories?post=50336"},{"taxonomy":"post_tag","embeddable":true,"href":"https:\/\/cdnoticias.com\/index.php\/wp-json\/wp\/v2\/tags?post=50336"}],"curies":[{"name":"wp","href":"https:\/\/api.w.org\/{rel}","templated":true}]}}