{"id":5033,"date":"2020-10-27T19:44:28","date_gmt":"2020-10-27T22:44:28","guid":{"rendered":"http:\/\/www.centraldenoticias.com.ar\/?p=5033"},"modified":"2020-10-27T19:58:35","modified_gmt":"2020-10-27T22:58:35","slug":"un-detenido-por-el-ataque-a-puntazos-a-un-joven-de-24-anos","status":"publish","type":"post","link":"https:\/\/cdnoticias.com\/index.php\/2020\/10\/27\/un-detenido-por-el-ataque-a-puntazos-a-un-joven-de-24-anos\/","title":{"rendered":"Un detenido por el ataque a &#8220;puntazos&#8221; a un joven de 24 a\u00f1os"},"content":{"rendered":"<p>El caso se registr\u00f3 en la noche del \u00faltimo s\u00e1bado pero trascendi\u00f3 varias horas despu\u00e9s, ya que la v\u00edctima y testigos no denunciaron los hechos. La causa se inici\u00f3 de oficio y est\u00e1 encuadrada como \u201chomicidio en grado de tentativa\u201d.<\/p>\n<p><!--more--><\/p>\n<hr \/>\n<p>Un importante despliegue policial pudo verse en la tarde de este martes en la zona del <strong>barrio Sarmiento Norte, frente al Parque Cerrito, donde condujeron las averiguaciones de un violento episodio que se registr\u00f3 en la noche del \u00faltimo s\u00e1bado.<\/strong><\/p>\n<p>&nbsp;<\/p>\n<p>Seg\u00fan fue confiado a <em><strong>Central de Noticias<\/strong><\/em>, el caso se registr\u00f3 en la noche del \u00faltimo s\u00e1bado y dej\u00f3 como saldo a un joven de 24 a\u00f1os con graves heridas. Se trat\u00f3, m\u00e1s precisamente, de <strong>dos \u201cpuntazos\u201d que lo hirieron en la zona axilar y toracoabdominal, seg\u00fan precisaron las mismas fuentes.<\/strong><\/p>\n<p>&nbsp;<\/p>\n<p><strong>En una primera instancia la v\u00edctima habr\u00eda sido asistida por los presentes y personas de su entorno m\u00e1s cercano, pero luego debi\u00f3 ser remitida al centro asistencial local debido a la complicaci\u00f3n de su cuadro m\u00e9dico.<\/strong> Debi\u00f3 ser intervenido quir\u00fargicamente de urgencia debido a las hemorragias internas, logrando que su condici\u00f3n mejore con el correr de las horas.<\/p>\n<p>&nbsp;<\/p>\n<p><img data-recalc-dims=\"1\" loading=\"lazy\" decoding=\"async\" class=\"alignnone size-large wp-image-5024\" src=\"https:\/\/i0.wp.com\/cdnoticias.com\/wp-content\/uploads\/2020\/10\/allanamiento01.jpg?resize=800%2C546&#038;ssl=1\" alt=\"\" width=\"800\" height=\"546\" srcset=\"https:\/\/i0.wp.com\/cdnoticias.com\/wp-content\/uploads\/2020\/10\/allanamiento01.jpg?resize=1024%2C699&amp;ssl=1 1024w, https:\/\/i0.wp.com\/cdnoticias.com\/wp-content\/uploads\/2020\/10\/allanamiento01.jpg?resize=300%2C205&amp;ssl=1 300w, https:\/\/i0.wp.com\/cdnoticias.com\/wp-content\/uploads\/2020\/10\/allanamiento01.jpg?resize=768%2C524&amp;ssl=1 768w, https:\/\/i0.wp.com\/cdnoticias.com\/wp-content\/uploads\/2020\/10\/allanamiento01.jpg?resize=130%2C90&amp;ssl=1 130w, https:\/\/i0.wp.com\/cdnoticias.com\/wp-content\/uploads\/2020\/10\/allanamiento01.jpg?w=1280&amp;ssl=1 1280w\" sizes=\"auto, (max-width: 800px) 100vw, 800px\" \/><\/p>\n<p>&nbsp;<\/p>\n<p>Con el inicio de la presente semana el hecho lleg\u00f3 a conocimiento de los investigadores, quienes iniciaron las averiguaciones de oficio debido a la reticencia y negativa por parte de allegados a la v\u00edctima y testigos. <strong>Las actuaciones fueron encuadradas como \u201chomicidio simple en grado de tentativa\u201d, tal cual fueron entendidos los hechos por la fiscal de la causa, la doctora Viviana Beyt\u00eda.<\/strong><\/p>\n<p>&nbsp;<\/p>\n<p><strong>Otro de los datos llamativos de la causa es que en las \u00faltimas horas finalmente se pudieron lograr diversas declaraciones, con la particularidad que todas fueron llevadas a cabo por videoconferencia<\/strong>. Esos elementos sirvieron para avanzar sobre el presunto autor, quien fue detenido este martes en el marco de un allanamiento realizado desde la SubDDI y comisar\u00eda Primera, con la colaboraci\u00f3n del Grupo de Apoyo Departamental y otras dependencias locales.<\/p>\n<p>&nbsp;<\/p>\n<p>De acuerdo con lo que se refiri\u00f3, se registraron graves incidentes y en ese marco una persona se descompens\u00f3, debiendo ser trasladada de urgencia al Hospital Municipal. <strong>El acusado, por su parte, fue remitido a la comisar\u00eda Primera y este mi\u00e9rcoles ser\u00e1 indagado.<\/strong><\/p>\n","protected":false},"excerpt":{"rendered":"<p>El caso se registr\u00f3 en la noche del \u00faltimo s\u00e1bado pero trascendi\u00f3 varias horas despu\u00e9s, ya que la v\u00edctima y<\/p>\n","protected":false},"author":3,"featured_media":5032,"comment_status":"closed","ping_status":"closed","sticky":false,"template":"","format":"standard","meta":{"_jetpack_memberships_contains_paid_content":false,"footnotes":""},"categories":[5,1],"tags":[],"class_list":["post-5033","post","type-post","status-publish","format-standard","has-post-thumbnail","hentry","category-informacion-general","category-portada"],"jetpack_featured_media_url":"https:\/\/i0.wp.com\/cdnoticias.com\/wp-content\/uploads\/2020\/10\/allanamiento02.jpg?fit=1280%2C764&ssl=1","jetpack_sharing_enabled":true,"_links":{"self":[{"href":"https:\/\/cdnoticias.com\/index.php\/wp-json\/wp\/v2\/posts\/5033","targetHints":{"allow":["GET"]}}],"collection":[{"href":"https:\/\/cdnoticias.com\/index.php\/wp-json\/wp\/v2\/posts"}],"about":[{"href":"https:\/\/cdnoticias.com\/index.php\/wp-json\/wp\/v2\/types\/post"}],"author":[{"embeddable":true,"href":"https:\/\/cdnoticias.com\/index.php\/wp-json\/wp\/v2\/users\/3"}],"replies":[{"embeddable":true,"href":"https:\/\/cdnoticias.com\/index.php\/wp-json\/wp\/v2\/comments?post=5033"}],"version-history":[{"count":0,"href":"https:\/\/cdnoticias.com\/index.php\/wp-json\/wp\/v2\/posts\/5033\/revisions"}],"wp:featuredmedia":[{"embeddable":true,"href":"https:\/\/cdnoticias.com\/index.php\/wp-json\/wp\/v2\/media\/5032"}],"wp:attachment":[{"href":"https:\/\/cdnoticias.com\/index.php\/wp-json\/wp\/v2\/media?parent=5033"}],"wp:term":[{"taxonomy":"category","embeddable":true,"href":"https:\/\/cdnoticias.com\/index.php\/wp-json\/wp\/v2\/categories?post=5033"},{"taxonomy":"post_tag","embeddable":true,"href":"https:\/\/cdnoticias.com\/index.php\/wp-json\/wp\/v2\/tags?post=5033"}],"curies":[{"name":"wp","href":"https:\/\/api.w.org\/{rel}","templated":true}]}}