{"id":50303,"date":"2022-03-29T20:18:26","date_gmt":"2022-03-29T23:18:26","guid":{"rendered":"https:\/\/www.centraldenoticias.com.ar\/?p=50303"},"modified":"2022-03-29T20:18:26","modified_gmt":"2022-03-29T23:18:26","slug":"acuerdo-entre-el-gobierno-y-los-panaderos-el-kilo-de-pan-tendra-un-tope-de-270","status":"publish","type":"post","link":"https:\/\/cdnoticias.com\/index.php\/2022\/03\/29\/acuerdo-entre-el-gobierno-y-los-panaderos-el-kilo-de-pan-tendra-un-tope-de-270\/","title":{"rendered":"Acuerdo entre el Gobierno y los panaderos: el kilo de pan tendr\u00e1 un tope de $270"},"content":{"rendered":"<p>El secretario de Comercio Interior, Roberto Feletti, recibi\u00f3 a representantes del sector en el Ministerio de Econom\u00eda. All\u00ed se realiz\u00f3 un nuevo acuerdo de precios.<!--more--><\/p>\n<hr \/>\n<p>El secretario de Comercio Interior, Roberto Feletti, acord\u00f3 este martes con representantes del sector panadero y asociaciones que nuclean a propietarios de pizzer\u00edas, pastas frescas y pymes molineras<strong> la venta del kilo de pan en todo el pa\u00eds en un precio de entre $220 y $270.<\/strong><\/p>\n<p>&nbsp;<\/p>\n<p>Feletti encabez\u00f3 la reuni\u00f3n en el Ministerio de Econom\u00eda. En ella se avanz\u00f3 en un nuevo acuerdo de precio del pan de venta al p\u00fablico, entre otros productos, tras la puesta en marcha del fideicomiso de trigo que garantizar\u00e1 la baja del precio en la bolsa de harina industrial que se utiliza para la elaboraci\u00f3n comercial.<\/p>\n<p>&nbsp;<\/p>\n<p>Como anticipo, Feletti hab\u00eda mantenido el lunes una reuni\u00f3n con Gast\u00f3n Mora, Presidente de Panaderos de Avellaneda para analizar el impacto en mostrador. Tras la salida de la reuni\u00f3n, Mora afirm\u00f3 ante medios presentes que en 15 d\u00edas el fideicomiso tiene que impactar en las panader\u00edas ya que<strong> se retrotrajo el precio de la bolsa de harina a valores de enero, en torno a los $1150.<\/strong><\/p>\n<p>&nbsp;<\/p>\n<p>\u201cUna vez que impacte la bolsa con subsidio,<strong> Roberto Feletti<\/strong> tambi\u00e9n va a llevar un control en calle\u201d, anticip\u00f3. En ese sentido, <strong>resalt\u00f3 que el precio del kilo de pan \u201cse deber\u00e1 mantener entre $250 y $230\u201d.<\/strong><\/p>\n<p>&nbsp;<\/p>\n<p>En el encuentro de este martes participaron los representantes de la Federaci\u00f3n Argentina de la Industria del Pan y Afines (FAIPA), la Federaci\u00f3n Industrial Panaderil de la Provincia de Buenos Aires (FIPPBA) y la C\u00e1mara de Industriales Panaderos de CABA.<\/p>\n<p>&nbsp;<\/p>\n<p>Tambi\u00e9n recibi\u00f3 a los dirigentes de la Asociaci\u00f3n de Propietarios de Pizzer\u00edas, Casas de Empanadas y Actividades afines; la C\u00e1mara de Pastas Frescas; y la Asociaci\u00f3n de Peque\u00f1as y Medianas Industrias Molineras de la Rep\u00fablica Argentina (Apyminra).<\/p>\n<p>&nbsp;<\/p>\n<p>Las reuniones se realizan a tres semanas que se oficializ\u00f3 el fideicomiso del trigo en el Bolet\u00edn Oficial pese al malestar en el sector. <strong>El fideicomiso tendr\u00e1 vigencia hasta el 31 de enero del 2024<\/strong> que contempla 800.000 toneladas para el consumo local y establece precios de referencia para alimentos b\u00e1sicos como fideos secos y harina a trav\u00e9s del programa Precios Cuidados. En la resoluci\u00f3n, los ministerios detallan que el \u201cfideicomiso deber\u00e1 velar por el inter\u00e9s econ\u00f3mico general de la poblaci\u00f3n, mediante un Sistema Interno de Asistencia Financiera que, preservando la libertad de mercado y la libre competencia, garantice el abastecimiento interno y asegure precios justos y razonables para los consumidores\u201d.<\/p>\n<p>&nbsp;<\/p>\n<p>Recientemente, el <strong>INDEC<\/strong> inform\u00f3 que la inflaci\u00f3n volvi\u00f3 a acelerarse en febrero y alcanz\u00f3 el 4,7% y, de esta manera, acumul\u00f3 as\u00ed un 52,3% de variaci\u00f3n en los \u00faltimos doce meses. <strong>Uno de los rubros m\u00e1s afectados fueron los panificados que registraron aumentos de entre el 3,7% y 5,8% mensual, superado \u00fanicamente por las categor\u00edas de las frutas y las verduras, y de los l\u00e1cteos.<\/strong><\/p>\n<p>&nbsp;<\/p>\n<p><em>Fuente: Agencia de Noticias DIB<\/em><\/p>\n","protected":false},"excerpt":{"rendered":"<p>El secretario de Comercio Interior, Roberto Feletti, recibi\u00f3 a representantes del sector en el Ministerio de Econom\u00eda. All\u00ed se realiz\u00f3<\/p>\n","protected":false},"author":5,"featured_media":40395,"comment_status":"closed","ping_status":"closed","sticky":false,"template":"","format":"standard","meta":{"_jetpack_memberships_contains_paid_content":false,"footnotes":""},"categories":[5,1],"tags":[],"class_list":["post-50303","post","type-post","status-publish","format-standard","has-post-thumbnail","hentry","category-informacion-general","category-portada"],"jetpack_featured_media_url":"https:\/\/i0.wp.com\/cdnoticias.com\/wp-content\/uploads\/2021\/12\/DIB-precio-kilo-de-pan.jpg?fit=696%2C392&ssl=1","jetpack_sharing_enabled":true,"_links":{"self":[{"href":"https:\/\/cdnoticias.com\/index.php\/wp-json\/wp\/v2\/posts\/50303","targetHints":{"allow":["GET"]}}],"collection":[{"href":"https:\/\/cdnoticias.com\/index.php\/wp-json\/wp\/v2\/posts"}],"about":[{"href":"https:\/\/cdnoticias.com\/index.php\/wp-json\/wp\/v2\/types\/post"}],"author":[{"embeddable":true,"href":"https:\/\/cdnoticias.com\/index.php\/wp-json\/wp\/v2\/users\/5"}],"replies":[{"embeddable":true,"href":"https:\/\/cdnoticias.com\/index.php\/wp-json\/wp\/v2\/comments?post=50303"}],"version-history":[{"count":0,"href":"https:\/\/cdnoticias.com\/index.php\/wp-json\/wp\/v2\/posts\/50303\/revisions"}],"wp:featuredmedia":[{"embeddable":true,"href":"https:\/\/cdnoticias.com\/index.php\/wp-json\/wp\/v2\/media\/40395"}],"wp:attachment":[{"href":"https:\/\/cdnoticias.com\/index.php\/wp-json\/wp\/v2\/media?parent=50303"}],"wp:term":[{"taxonomy":"category","embeddable":true,"href":"https:\/\/cdnoticias.com\/index.php\/wp-json\/wp\/v2\/categories?post=50303"},{"taxonomy":"post_tag","embeddable":true,"href":"https:\/\/cdnoticias.com\/index.php\/wp-json\/wp\/v2\/tags?post=50303"}],"curies":[{"name":"wp","href":"https:\/\/api.w.org\/{rel}","templated":true}]}}