{"id":50269,"date":"2022-03-29T20:34:37","date_gmt":"2022-03-29T23:34:37","guid":{"rendered":"https:\/\/www.centraldenoticias.com.ar\/?p=50269"},"modified":"2022-03-30T08:48:38","modified_gmt":"2022-03-30T11:48:38","slug":"pedro-schneider-es-una-lastima-que-esto-quede-en-el-abandono","status":"publish","type":"post","link":"https:\/\/cdnoticias.com\/index.php\/2022\/03\/29\/pedro-schneider-es-una-lastima-que-esto-quede-en-el-abandono\/","title":{"rendered":"Pedro Schneider: &#8220;es una l\u00e1stima que esto quede en el abandono&#8221;"},"content":{"rendered":"<p>El balneario de Colonia San Miguel no tendr\u00e1 concesionario a partir del 31 de marzo. Los detalles de la renuncia. <!--more--><\/p>\n<hr \/>\n<p>&nbsp;<\/p>\n<p>El <strong>balneario de Colonia San Miguel<\/strong> <strong>ya no tendr\u00e1 concesionario a partir del 31 de marzo<\/strong> debido a la <strong>renuncia de Pedro Schneider.\u00a0<\/strong><\/p>\n<p>&nbsp;<\/p>\n<p>En di\u00e1logo con<strong> Central de Noticias<\/strong>, Schneider cont\u00f3 que se encuentra en el lugar desde 2018 y que a lo largo del tiempo fue pidiendo materiales al Municipio para realizar mejoras en el espacio. En ese contexto,<strong> asegur\u00f3 que el 15 de diciembre pasado<\/strong> present\u00f3 la renuncia ante la falta de avances con esos pedidos.<\/p>\n<p>&nbsp;<\/p>\n<p>&#8220;<strong>Julio Valetutto (Secretario de Desarrollo Econ\u00f3mico)\u00a0vino a hablar conmigo a ver si no pod\u00eda rever la situaci\u00f3n, que con el tiempo iban a tratar de cumplir, pero a m\u00ed no me gusta eso de las promesas<\/strong>. Hace un a\u00f1o y medio que estoy pidiendo cosas&#8221;, explic\u00f3.<\/p>\n<p>&nbsp;<\/p>\n<p><strong>Entre sus pedidos se encuentran m\u00e1s ba\u00f1os y duchas<\/strong> ya que &#8220;hay muy pocos&#8221;. Adem\u00e1s, <strong>&#8220;en eventos grandes como la Fiesta del Camping o las carreras de bicicletas ten\u00e9s que andar alquilando ba\u00f1os qu\u00edmicos<\/strong>. Los d\u00edas feos la gente no viene y los ba\u00f1os los ten\u00e9s que pagar igual&#8221; coment\u00f3.<\/p>\n<p>&nbsp;<\/p>\n<p><img data-recalc-dims=\"1\" loading=\"lazy\" decoding=\"async\" class=\"aligncenter wp-image-50273 size-full\" src=\"https:\/\/i0.wp.com\/cdnoticias.com\/wp-content\/uploads\/2022\/03\/WhatsApp-Image-2022-03-29-at-5.15.42-PM.jpeg?resize=800%2C480&#038;ssl=1\" alt=\"\" width=\"800\" height=\"480\" srcset=\"https:\/\/i0.wp.com\/cdnoticias.com\/wp-content\/uploads\/2022\/03\/WhatsApp-Image-2022-03-29-at-5.15.42-PM.jpeg?w=1024&amp;ssl=1 1024w, https:\/\/i0.wp.com\/cdnoticias.com\/wp-content\/uploads\/2022\/03\/WhatsApp-Image-2022-03-29-at-5.15.42-PM.jpeg?resize=300%2C180&amp;ssl=1 300w, https:\/\/i0.wp.com\/cdnoticias.com\/wp-content\/uploads\/2022\/03\/WhatsApp-Image-2022-03-29-at-5.15.42-PM.jpeg?resize=768%2C461&amp;ssl=1 768w\" sizes=\"auto, (max-width: 800px) 100vw, 800px\" \/><\/p>\n<p><em>Foto de archivo<\/em><\/p>\n<p>&nbsp;<\/p>\n<p>Por otro lado, agreg\u00f3 que &#8220;<strong>tambi\u00e9n hab\u00eda pedido un sal\u00f3n<\/strong> porque la gente que viene a <strong>acampar con chicos no tiene lugar para poder resguardarse ante las lluvias<\/strong>. Tambi\u00e9n ped\u00ed <strong>ba\u00f1os para personas discapacitadas&#8221;.\u00a0<\/strong><\/p>\n<p>&nbsp;<\/p>\n<p>&#8220;Es una l\u00e1stima porque algo se hab\u00eda invertido, el primer a\u00f1o cumplieron muy bien conmigo, despu\u00e9s ya no&#8221;, afirm\u00f3. En relaci\u00f3n a la <strong>Fiesta del Camping<\/strong> coment\u00f3 que &#8220;desde la pandemia no se hizo m\u00e1s. Yo la iba a hacer ahora el 31 de enero pero no tuve acompa\u00f1amiento y tuve que suspender&#8221;.<\/p>\n<p>&nbsp;<\/p>\n<p>Por \u00faltimo, Schneider coment\u00f3 que &#8220;<strong>es una l\u00e1stima que esto quede en el abandono<\/strong>. <strong>Quiero agradecer a toda la gente que me acompa\u00f1\u00f3 en estos tres a\u00f1os&#8221;.\u00a0<\/strong><\/p>\n<p>&nbsp;<\/p>\n","protected":false},"excerpt":{"rendered":"<p>El balneario de Colonia San Miguel no tendr\u00e1 concesionario a partir del 31 de marzo. Los detalles de la renuncia.<\/p>\n","protected":false},"author":6,"featured_media":50272,"comment_status":"closed","ping_status":"closed","sticky":false,"template":"","format":"standard","meta":{"_jetpack_memberships_contains_paid_content":false,"footnotes":""},"categories":[5,1],"tags":[],"class_list":["post-50269","post","type-post","status-publish","format-standard","has-post-thumbnail","hentry","category-informacion-general","category-portada"],"jetpack_featured_media_url":"https:\/\/i0.wp.com\/cdnoticias.com\/wp-content\/uploads\/2022\/03\/WhatsApp-Image-2022-03-29-at-5.11.41-PM.jpeg?fit=1040%2C780&ssl=1","jetpack_sharing_enabled":true,"_links":{"self":[{"href":"https:\/\/cdnoticias.com\/index.php\/wp-json\/wp\/v2\/posts\/50269","targetHints":{"allow":["GET"]}}],"collection":[{"href":"https:\/\/cdnoticias.com\/index.php\/wp-json\/wp\/v2\/posts"}],"about":[{"href":"https:\/\/cdnoticias.com\/index.php\/wp-json\/wp\/v2\/types\/post"}],"author":[{"embeddable":true,"href":"https:\/\/cdnoticias.com\/index.php\/wp-json\/wp\/v2\/users\/6"}],"replies":[{"embeddable":true,"href":"https:\/\/cdnoticias.com\/index.php\/wp-json\/wp\/v2\/comments?post=50269"}],"version-history":[{"count":0,"href":"https:\/\/cdnoticias.com\/index.php\/wp-json\/wp\/v2\/posts\/50269\/revisions"}],"wp:featuredmedia":[{"embeddable":true,"href":"https:\/\/cdnoticias.com\/index.php\/wp-json\/wp\/v2\/media\/50272"}],"wp:attachment":[{"href":"https:\/\/cdnoticias.com\/index.php\/wp-json\/wp\/v2\/media?parent=50269"}],"wp:term":[{"taxonomy":"category","embeddable":true,"href":"https:\/\/cdnoticias.com\/index.php\/wp-json\/wp\/v2\/categories?post=50269"},{"taxonomy":"post_tag","embeddable":true,"href":"https:\/\/cdnoticias.com\/index.php\/wp-json\/wp\/v2\/tags?post=50269"}],"curies":[{"name":"wp","href":"https:\/\/api.w.org\/{rel}","templated":true}]}}