{"id":50266,"date":"2022-03-31T08:39:16","date_gmt":"2022-03-31T11:39:16","guid":{"rendered":"https:\/\/www.centraldenoticias.com.ar\/?p=50266"},"modified":"2022-03-31T08:39:16","modified_gmt":"2022-03-31T11:39:16","slug":"ronda-de-bordado-y-lectura-en-el-centro-cultural-san-jose","status":"publish","type":"post","link":"https:\/\/cdnoticias.com\/index.php\/2022\/03\/31\/ronda-de-bordado-y-lectura-en-el-centro-cultural-san-jose\/","title":{"rendered":"Ronda de bordado y lectura en el Centro Cultural San Jos\u00e9"},"content":{"rendered":"<p>Ser\u00e1 el domingo 3 de abril a las 16:00. Estar\u00e1 a cargo de la artista local Rosana Farana. <!--more--><\/p>\n<hr \/>\n<p>&nbsp;<\/p>\n<p>Desde el <strong>Centro Cultural Municipal \u201cSan Jos\u00e9\u201d<\/strong> se invit\u00f3 a participar de una<strong> ronda de lectura y bordado \u00abOr\u00e1culo Po\u00e9tico Textil\u00bb<\/strong>, a cargo de la <strong>artista local Rosana Farana.<\/strong><\/p>\n<p>&nbsp;<\/p>\n<p>En esta oportunidad,<strong> la artista compartir\u00e1 sus autoras preferidas<\/strong>, como<strong> Clarice Lispector y Alejandra Pizarnik<\/strong>, inspiradoras de su obra <strong>\u00abLa intimidad del tiempo\u00bb.<\/strong><\/p>\n<p>&nbsp;<\/p>\n<p>La actividad se llevar\u00e1 a cabo este <strong>domingo 3 de abril a las 16:00<\/strong> en la<strong> Sala 1<\/strong>, <a href=\"https:\/\/cdnoticias.com\/index.php\/2022\/03\/12\/ante-un-importante-marco-de-publico-se-inauguro-la-muestra-miradas-5\/\" target=\"_blank\" rel=\"noopener\">en el marco de la muestra <\/a><strong>Miradas 5.<\/strong><\/p>\n<p>&nbsp;<\/p>\n<p>Dicha propuesta tiene un <strong>cupo limitado de 20 personas<\/strong> y deben traer los materiales <strong>(tela, aguja e hilos para bordar).<\/strong><\/p>\n<p>&nbsp;<\/p>\n<p>Para <strong>inscribirse<\/strong>, comunicarse <strong>telef\u00f3nicamente al 418801<\/strong> o acercarse a la <strong>sede de Riobamba 2949,<\/strong> de<strong> lunes a viernes, de 8:00 a 13:00.\u00a0<\/strong><\/p>\n<p>&nbsp;<\/p>\n","protected":false},"excerpt":{"rendered":"<p>Ser\u00e1 el domingo 3 de abril a las 16:00. Estar\u00e1 a cargo de la artista local Rosana Farana.<\/p>\n","protected":false},"author":6,"featured_media":50267,"comment_status":"closed","ping_status":"closed","sticky":false,"template":"","format":"standard","meta":{"_jetpack_memberships_contains_paid_content":false,"footnotes":""},"categories":[9,1],"tags":[],"class_list":["post-50266","post","type-post","status-publish","format-standard","has-post-thumbnail","hentry","category-cultura","category-portada"],"jetpack_featured_media_url":"https:\/\/i0.wp.com\/cdnoticias.com\/wp-content\/uploads\/2022\/03\/Cultura-Taller-Lectura-y-bordado-1024x685-1.jpg?fit=1024%2C685&ssl=1","jetpack_sharing_enabled":true,"_links":{"self":[{"href":"https:\/\/cdnoticias.com\/index.php\/wp-json\/wp\/v2\/posts\/50266","targetHints":{"allow":["GET"]}}],"collection":[{"href":"https:\/\/cdnoticias.com\/index.php\/wp-json\/wp\/v2\/posts"}],"about":[{"href":"https:\/\/cdnoticias.com\/index.php\/wp-json\/wp\/v2\/types\/post"}],"author":[{"embeddable":true,"href":"https:\/\/cdnoticias.com\/index.php\/wp-json\/wp\/v2\/users\/6"}],"replies":[{"embeddable":true,"href":"https:\/\/cdnoticias.com\/index.php\/wp-json\/wp\/v2\/comments?post=50266"}],"version-history":[{"count":0,"href":"https:\/\/cdnoticias.com\/index.php\/wp-json\/wp\/v2\/posts\/50266\/revisions"}],"wp:featuredmedia":[{"embeddable":true,"href":"https:\/\/cdnoticias.com\/index.php\/wp-json\/wp\/v2\/media\/50267"}],"wp:attachment":[{"href":"https:\/\/cdnoticias.com\/index.php\/wp-json\/wp\/v2\/media?parent=50266"}],"wp:term":[{"taxonomy":"category","embeddable":true,"href":"https:\/\/cdnoticias.com\/index.php\/wp-json\/wp\/v2\/categories?post=50266"},{"taxonomy":"post_tag","embeddable":true,"href":"https:\/\/cdnoticias.com\/index.php\/wp-json\/wp\/v2\/tags?post=50266"}],"curies":[{"name":"wp","href":"https:\/\/api.w.org\/{rel}","templated":true}]}}