{"id":5025,"date":"2020-10-27T19:23:02","date_gmt":"2020-10-27T22:23:02","guid":{"rendered":"http:\/\/www.centraldenoticias.com.ar\/?p=5025"},"modified":"2020-10-27T19:44:57","modified_gmt":"2020-10-27T22:44:57","slug":"aguilera-tenemos-que-reivindicar-el-legado-que-nestor-nos-dejo","status":"publish","type":"post","link":"https:\/\/cdnoticias.com\/index.php\/2020\/10\/27\/aguilera-tenemos-que-reivindicar-el-legado-que-nestor-nos-dejo\/","title":{"rendered":"Aguilera: \u201cTenemos que reivindicar el legado que N\u00e9stor nos dej\u00f3\u201d"},"content":{"rendered":"<p>Lo dijo Federico Aguilera en el parque Eva per\u00f3n al cumplirse 10 a\u00f1os de la muerte del ex presidente N\u00e9stor Kirchner. Qued\u00f3 inaugurado un mural y participaron del acto las organizaciones que conforman el espacio.<!--more--><\/p>\n<hr \/>\n<p>Durante la tarde de este martes se realiz\u00f3 un acto en el parque Eva Per\u00f3n al cumplirse<strong> 10 a\u00f1os de la muerte del ex presidente N\u00e9stor Kirchner.<\/strong> El encuentro cont\u00f3 con la participaci\u00f3n de los representantes todas las organizaciones que forman el espacio y qued\u00f3 inaugurado un mural en su honor.<\/p>\n<p>&nbsp;<\/p>\n<p>A lo largo de la semana las distintas organizaciones homenajearon a N\u00e9stor Kirchner mediante diferentes actividades e intervenciones art\u00edsticas.<strong> Este martes presentaron un mural que se pint\u00f3 en los galpones provinciales del parque Eva Per\u00f3n.<\/strong><\/p>\n<p>&nbsp;<\/p>\n<p>En el marco de un breve acto y ante la presencia de referentes de los distintos movimientos que integran el Frente de todos,<strong> Federico Aguilera, presidente del Partido Justicialista de Olavarr\u00eda, record\u00f3 a N\u00e9stor: <em>\u201cEn este d\u00eda m\u00e1s que emotivo para todos nosotros tenemos que reivindicar el legado que N\u00e9stor nos dej\u00f3, para poner la Argentina de pie y transformar la realidad hay que estar unidos\u201d.<\/em><\/strong><\/p>\n<p>&nbsp;<\/p>\n<p><img data-recalc-dims=\"1\" loading=\"lazy\" decoding=\"async\" class=\"alignnone size-large wp-image-5029\" src=\"https:\/\/i0.wp.com\/cdnoticias.com\/wp-content\/uploads\/2020\/10\/WhatsApp-Image-2020-10-27-at-19.13.50.jpeg?resize=800%2C348&#038;ssl=1\" alt=\"\" width=\"800\" height=\"348\" srcset=\"https:\/\/i0.wp.com\/cdnoticias.com\/wp-content\/uploads\/2020\/10\/WhatsApp-Image-2020-10-27-at-19.13.50.jpeg?resize=1024%2C445&amp;ssl=1 1024w, https:\/\/i0.wp.com\/cdnoticias.com\/wp-content\/uploads\/2020\/10\/WhatsApp-Image-2020-10-27-at-19.13.50.jpeg?resize=300%2C130&amp;ssl=1 300w, https:\/\/i0.wp.com\/cdnoticias.com\/wp-content\/uploads\/2020\/10\/WhatsApp-Image-2020-10-27-at-19.13.50.jpeg?resize=768%2C334&amp;ssl=1 768w, https:\/\/i0.wp.com\/cdnoticias.com\/wp-content\/uploads\/2020\/10\/WhatsApp-Image-2020-10-27-at-19.13.50.jpeg?w=1280&amp;ssl=1 1280w\" sizes=\"auto, (max-width: 800px) 100vw, 800px\" \/><\/p>\n<p>&nbsp;<\/p>\n<p>Durante la presentaci\u00f3n se lo record\u00f3 desde su militancia, la forma de vivir la pol\u00edtica y lo trascendental que fue en millones de j\u00f3venes que volvieron a sentirse parte de un estado que recuperaba la pol\u00edtica como herramienta de transformaci\u00f3n.<\/p>\n<p>&nbsp;<\/p>\n<p>Participaron del homenaje referentes de Proyecto Peronista, Lealtad y Compromiso, Renovaci\u00f3n Peronista, La C\u00e1mpora, Movimiento Evita, Foro Olavarr\u00eda, PJ Olavarr\u00eda, Partido Solidario, La Juventud Peronista, Frente Grande, Movimiento Mayo, La Casa del Trabajador en representaci\u00f3n de los sindicatos, MP la Dignidad y concejales del Frente de Todos.<\/p>\n<p>&nbsp;<\/p>\n<p><img data-recalc-dims=\"1\" loading=\"lazy\" decoding=\"async\" class=\"alignnone size-large wp-image-5028\" src=\"https:\/\/i0.wp.com\/cdnoticias.com\/wp-content\/uploads\/2020\/10\/WhatsApp-Image-2020-10-27-at-19.13.50-1.jpeg?resize=800%2C446&#038;ssl=1\" alt=\"\" width=\"800\" height=\"446\" srcset=\"https:\/\/i0.wp.com\/cdnoticias.com\/wp-content\/uploads\/2020\/10\/WhatsApp-Image-2020-10-27-at-19.13.50-1.jpeg?resize=1024%2C571&amp;ssl=1 1024w, https:\/\/i0.wp.com\/cdnoticias.com\/wp-content\/uploads\/2020\/10\/WhatsApp-Image-2020-10-27-at-19.13.50-1.jpeg?resize=300%2C167&amp;ssl=1 300w, https:\/\/i0.wp.com\/cdnoticias.com\/wp-content\/uploads\/2020\/10\/WhatsApp-Image-2020-10-27-at-19.13.50-1.jpeg?resize=768%2C428&amp;ssl=1 768w, https:\/\/i0.wp.com\/cdnoticias.com\/wp-content\/uploads\/2020\/10\/WhatsApp-Image-2020-10-27-at-19.13.50-1.jpeg?resize=800%2C445&amp;ssl=1 800w, https:\/\/i0.wp.com\/cdnoticias.com\/wp-content\/uploads\/2020\/10\/WhatsApp-Image-2020-10-27-at-19.13.50-1.jpeg?w=1280&amp;ssl=1 1280w\" sizes=\"auto, (max-width: 800px) 100vw, 800px\" \/><\/p>\n<p>&nbsp;<\/p>\n<p>La realizaci\u00f3n del mural estuvo coordinada con el Ministerio de Cultura de la Naci\u00f3n bajo la campa\u00f1a federal <strong>&#8220;H\u00e9roe Colectivo&#8221;<\/strong>, donde se pintaron diferentes murales relacionados a la figura de N\u00e9stor Kirchner y su legado.<\/p>\n","protected":false},"excerpt":{"rendered":"<p>Lo dijo Federico Aguilera en el parque Eva per\u00f3n al cumplirse 10 a\u00f1os de la muerte del ex presidente N\u00e9stor<\/p>\n","protected":false},"author":5,"featured_media":5027,"comment_status":"closed","ping_status":"closed","sticky":false,"template":"","format":"standard","meta":{"_jetpack_memberships_contains_paid_content":false,"footnotes":""},"categories":[4,1],"tags":[],"class_list":["post-5025","post","type-post","status-publish","format-standard","has-post-thumbnail","hentry","category-politica","category-portada"],"jetpack_featured_media_url":"https:\/\/i0.wp.com\/cdnoticias.com\/wp-content\/uploads\/2020\/10\/WhatsApp-Image-2020-10-27-at-19.13.51.jpeg?fit=1280%2C847&ssl=1","jetpack_sharing_enabled":true,"_links":{"self":[{"href":"https:\/\/cdnoticias.com\/index.php\/wp-json\/wp\/v2\/posts\/5025","targetHints":{"allow":["GET"]}}],"collection":[{"href":"https:\/\/cdnoticias.com\/index.php\/wp-json\/wp\/v2\/posts"}],"about":[{"href":"https:\/\/cdnoticias.com\/index.php\/wp-json\/wp\/v2\/types\/post"}],"author":[{"embeddable":true,"href":"https:\/\/cdnoticias.com\/index.php\/wp-json\/wp\/v2\/users\/5"}],"replies":[{"embeddable":true,"href":"https:\/\/cdnoticias.com\/index.php\/wp-json\/wp\/v2\/comments?post=5025"}],"version-history":[{"count":0,"href":"https:\/\/cdnoticias.com\/index.php\/wp-json\/wp\/v2\/posts\/5025\/revisions"}],"wp:featuredmedia":[{"embeddable":true,"href":"https:\/\/cdnoticias.com\/index.php\/wp-json\/wp\/v2\/media\/5027"}],"wp:attachment":[{"href":"https:\/\/cdnoticias.com\/index.php\/wp-json\/wp\/v2\/media?parent=5025"}],"wp:term":[{"taxonomy":"category","embeddable":true,"href":"https:\/\/cdnoticias.com\/index.php\/wp-json\/wp\/v2\/categories?post=5025"},{"taxonomy":"post_tag","embeddable":true,"href":"https:\/\/cdnoticias.com\/index.php\/wp-json\/wp\/v2\/tags?post=5025"}],"curies":[{"name":"wp","href":"https:\/\/api.w.org\/{rel}","templated":true}]}}