{"id":50229,"date":"2022-03-29T11:37:10","date_gmt":"2022-03-29T14:37:10","guid":{"rendered":"https:\/\/www.centraldenoticias.com.ar\/?p=50229"},"modified":"2022-03-29T11:37:10","modified_gmt":"2022-03-29T14:37:10","slug":"reprogramaron-mercado-olavarriense-para-el-mes-de-mayo","status":"publish","type":"post","link":"https:\/\/cdnoticias.com\/index.php\/2022\/03\/29\/reprogramaron-mercado-olavarriense-para-el-mes-de-mayo\/","title":{"rendered":"Reprogramaron \u201cMercado Olavarriense\u201d para el mes de mayo"},"content":{"rendered":"<p>As\u00ed fue informado por la Secretar\u00eda de Desarrollo Econ\u00f3mico del Municipio. <!--more--><del><\/p>\n<hr \/>\n<p><\/del><\/p>\n<p>Desde la Secretar\u00eda de Desarrollo Econ\u00f3mico del Municipio se inform\u00f3 que<strong> hubo una reprogramaci\u00f3n de la realizaci\u00f3n de la nueva edici\u00f3n de la Feria \u201cMercado Olavarriense\u201d, prevista para el pr\u00f3ximo 10 de abril.<\/strong><\/p>\n<p>&nbsp;<\/p>\n<blockquote><p>Dicha edici\u00f3n se llevar\u00e1 a cabo durante el mes de mayo, con fecha a confirmar.<\/p><\/blockquote>\n<p>&nbsp;<\/p>\n<p><strong><em>\u201cMercado Olavarriense\u201d<\/em> <\/strong>es una propuesta integral que posee como principal objetivo<em> \u201cmejorar la visualizaci\u00f3n y comunicaci\u00f3n de la oferta emprendedora local\u201d.<\/em><\/p>\n<p>&nbsp;<\/p>\n<p>En los puestos se puede encontrar: frutas, verduras, hortalizas, pasteler\u00eda artesanal, panificados, budines, alfajores, dulces y mermeladas, huevos, miel, licores, licuados, arom\u00e1ticas, cactus, artesan\u00edas en general, entre otros.<\/p>\n<p>&nbsp;<\/p>\n<p><strong>Por consultas, podr\u00e1n dirigirse a la Secretar\u00eda de Desarrollo Econ\u00f3mico, Moreno 2765, Tel. 422135\/195, o comunicarse por correo electr\u00f3nico a economia.social@olavarria.gov.ar.<\/strong><\/p>\n","protected":false},"excerpt":{"rendered":"<p>As\u00ed fue informado por la Secretar\u00eda de Desarrollo Econ\u00f3mico del Municipio.<\/p>\n","protected":false},"author":2,"featured_media":48305,"comment_status":"closed","ping_status":"closed","sticky":false,"template":"","format":"standard","meta":{"_jetpack_memberships_contains_paid_content":false,"footnotes":""},"categories":[5,1],"tags":[],"class_list":["post-50229","post","type-post","status-publish","format-standard","has-post-thumbnail","hentry","category-informacion-general","category-portada"],"jetpack_featured_media_url":"https:\/\/i0.wp.com\/cdnoticias.com\/wp-content\/uploads\/2022\/03\/DE-Mercado-Olavarriense-1-scaled-1.jpg?fit=2560%2C1711&ssl=1","jetpack_sharing_enabled":true,"_links":{"self":[{"href":"https:\/\/cdnoticias.com\/index.php\/wp-json\/wp\/v2\/posts\/50229","targetHints":{"allow":["GET"]}}],"collection":[{"href":"https:\/\/cdnoticias.com\/index.php\/wp-json\/wp\/v2\/posts"}],"about":[{"href":"https:\/\/cdnoticias.com\/index.php\/wp-json\/wp\/v2\/types\/post"}],"author":[{"embeddable":true,"href":"https:\/\/cdnoticias.com\/index.php\/wp-json\/wp\/v2\/users\/2"}],"replies":[{"embeddable":true,"href":"https:\/\/cdnoticias.com\/index.php\/wp-json\/wp\/v2\/comments?post=50229"}],"version-history":[{"count":0,"href":"https:\/\/cdnoticias.com\/index.php\/wp-json\/wp\/v2\/posts\/50229\/revisions"}],"wp:featuredmedia":[{"embeddable":true,"href":"https:\/\/cdnoticias.com\/index.php\/wp-json\/wp\/v2\/media\/48305"}],"wp:attachment":[{"href":"https:\/\/cdnoticias.com\/index.php\/wp-json\/wp\/v2\/media?parent=50229"}],"wp:term":[{"taxonomy":"category","embeddable":true,"href":"https:\/\/cdnoticias.com\/index.php\/wp-json\/wp\/v2\/categories?post=50229"},{"taxonomy":"post_tag","embeddable":true,"href":"https:\/\/cdnoticias.com\/index.php\/wp-json\/wp\/v2\/tags?post=50229"}],"curies":[{"name":"wp","href":"https:\/\/api.w.org\/{rel}","templated":true}]}}