{"id":50217,"date":"2022-03-29T11:14:40","date_gmt":"2022-03-29T14:14:40","guid":{"rendered":"https:\/\/www.centraldenoticias.com.ar\/?p=50217"},"modified":"2022-03-29T11:14:40","modified_gmt":"2022-03-29T14:14:40","slug":"comenzo-la-campana-de-vacunacion-antigripal-2022","status":"publish","type":"post","link":"https:\/\/cdnoticias.com\/index.php\/2022\/03\/29\/comenzo-la-campana-de-vacunacion-antigripal-2022\/","title":{"rendered":"Comenz\u00f3 la Campa\u00f1a de Vacunaci\u00f3n Antigripal 2022"},"content":{"rendered":"<p>Se aclar\u00f3 que por ahora no habr\u00e1 inoculaci\u00f3n para pacientes pedi\u00e1tricos y mayores de 65 a\u00f1os por \u201cuna peque\u00f1a demora\u201d. Qui\u00e9nes se pueden vacunar y d\u00f3nde se realizar\u00e1. <!--more--><\/p>\n<hr \/>\n<p>En el<strong> inicio de la Campa\u00f1a de Vacunaci\u00f3n Antrigripal 2022<\/strong> (que se adelant\u00f3 por un brote de Influenza en el pa\u00eds) desde <strong>Epidemiolog\u00eda Municipal se explic\u00f3 los alcances de esta campa\u00f1a en los Centros de Atenci\u00f3n Primaria de la Salud, Hospitales de la zona serrana y los vacunatorios que integran la red de la Secretar\u00eda de Salud del Municipio.<\/strong><\/p>\n<p>&nbsp;<\/p>\n<blockquote><p>Un dato a tener en cuenta es que <strong>hubo una peque\u00f1a demora en la llegada de dosis para pacientes pedi\u00e1tricos y mayores de 65 a\u00f1os, por lo que estos grupos deber\u00e1n esperar hasta la semana pr\u00f3xima al menos para inocularse, se aclar\u00f3.<\/strong><\/p><\/blockquote>\n<p>&nbsp;<\/p>\n<p>La inmunizaci\u00f3n est\u00e1 disponible para los siguientes grupos:<\/p>\n<p>&nbsp;<\/p>\n<ul>\n<li>Personal de salud<\/li>\n<\/ul>\n<p>&nbsp;<\/p>\n<ul>\n<li>Personal Estrat\u00e9gico.<\/li>\n<\/ul>\n<p>&nbsp;<\/p>\n<ul>\n<li>Personas gestantes: en cada embarazo y en cualquier trimestre de la gestaci\u00f3n. (En cada embarazo, la persona gestante debe recibir la Vacuna Antigripal en cualquier trimestre de gestaci\u00f3n y Vacuna Triple Bacteriana Acelular [dTpa], a partir de la semana 20 de gestaci\u00f3n).<\/li>\n<\/ul>\n<p>&nbsp;<\/p>\n<ul>\n<li>Personas pu\u00e9rperas: hasta el egreso de la maternidad -m\u00e1ximo 10 d\u00edas-, si no recibi\u00f3 la vacuna durante el embarazo.<\/li>\n<\/ul>\n<p>&nbsp;<\/p>\n<ul>\n<li>Personas entre los 3 y 64 a\u00f1os que tengan factores de riesgo: orden m\u00e9dica o documentaci\u00f3n que certifique la existencia de enfermedades preexistentes incluidas entre los factores de riesgo (excepto obesos).<\/li>\n<\/ul>\n<p>&nbsp;<\/p>\n<p>La log\u00edstica de funcionamiento da cuenta de que<strong> las vacunas se retiran de la sede de Regi\u00f3n Sanitaria IX. A partir de all\u00ed se distribuyen en los Centros de Atenci\u00f3n Primaria de la Salud, hospitales y vacunatorios del distrito.<\/strong><\/p>\n<p>&nbsp;<\/p>\n<p><img data-recalc-dims=\"1\" loading=\"lazy\" decoding=\"async\" class=\"alignnone size-full wp-image-49753\" src=\"https:\/\/i0.wp.com\/cdnoticias.com\/wp-content\/uploads\/2022\/03\/Salud-Testeos-Personal-Salud-Igg-Weis-1-1024x682-1.jpg?resize=800%2C533&#038;ssl=1\" alt=\"\" width=\"800\" height=\"533\" srcset=\"https:\/\/i0.wp.com\/cdnoticias.com\/wp-content\/uploads\/2022\/03\/Salud-Testeos-Personal-Salud-Igg-Weis-1-1024x682-1.jpg?w=1024&amp;ssl=1 1024w, https:\/\/i0.wp.com\/cdnoticias.com\/wp-content\/uploads\/2022\/03\/Salud-Testeos-Personal-Salud-Igg-Weis-1-1024x682-1.jpg?resize=300%2C200&amp;ssl=1 300w, https:\/\/i0.wp.com\/cdnoticias.com\/wp-content\/uploads\/2022\/03\/Salud-Testeos-Personal-Salud-Igg-Weis-1-1024x682-1.jpg?resize=768%2C512&amp;ssl=1 768w, https:\/\/i0.wp.com\/cdnoticias.com\/wp-content\/uploads\/2022\/03\/Salud-Testeos-Personal-Salud-Igg-Weis-1-1024x682-1.jpg?resize=272%2C182&amp;ssl=1 272w\" sizes=\"auto, (max-width: 800px) 100vw, 800px\" \/><\/p>\n<p>&nbsp;<\/p>\n<p>Mar\u00eda del Carmen Weis, directora de Epidemiolog\u00eda, explic\u00f3 que<strong><em> \u201ccomo todos los a\u00f1os, las dosis se reciben por tandas, para una poblaci\u00f3n total estimada en 21.000 personas<\/em><\/strong>\u201d. Al mismo tiempo aclar\u00f3 que<em> \u201cno hay que esperar intervalos con otras vacunas\u201d.<\/em><\/p>\n<p>&nbsp;<\/p>\n<blockquote><p><em>\u201cQueremos llevar tranquilidad, que de todas maneras, m\u00e1s all\u00e1 de la log\u00edstica de distribuci\u00f3n, se contempla llegar con la vacunaci\u00f3n a la totalidad de la poblaci\u00f3n objetivo\u201d<\/em>, asegur\u00f3.<\/p><\/blockquote>\n<p>&nbsp;<\/p>\n<p>En funci\u00f3n de la <strong>disponibilidad de dosis y la din\u00e1mica habitual de la vacunaci\u00f3n antigripal, podr\u00e1n incorporarse a esta categor\u00eda, los mismos grupos establecidos y alcanzados.<\/strong><\/p>\n<p>&nbsp;<\/p>\n<p>Como en los a\u00f1os precedentes<strong> la vacunaci\u00f3n de la poblaci\u00f3n objetivo podr\u00e1 realizarse de manera sucesiva y\/o simult\u00e1nea, dependiendo de la disponibilidad de dosis, capacidades operativas y respondiendo a un orden din\u00e1mico.<\/strong><\/p>\n","protected":false},"excerpt":{"rendered":"<p>Se aclar\u00f3 que por ahora no habr\u00e1 inoculaci\u00f3n para pacientes pedi\u00e1tricos y mayores de 65 a\u00f1os por \u201cuna peque\u00f1a demora\u201d.<\/p>\n","protected":false},"author":2,"featured_media":47264,"comment_status":"closed","ping_status":"closed","sticky":false,"template":"","format":"standard","meta":{"_jetpack_memberships_contains_paid_content":false,"footnotes":""},"categories":[5,1],"tags":[],"class_list":["post-50217","post","type-post","status-publish","format-standard","has-post-thumbnail","hentry","category-informacion-general","category-portada"],"jetpack_featured_media_url":"https:\/\/i0.wp.com\/cdnoticias.com\/wp-content\/uploads\/2022\/02\/vacunacion-escuelas-provincia00.jpg?fit=800%2C445&ssl=1","jetpack_sharing_enabled":true,"_links":{"self":[{"href":"https:\/\/cdnoticias.com\/index.php\/wp-json\/wp\/v2\/posts\/50217","targetHints":{"allow":["GET"]}}],"collection":[{"href":"https:\/\/cdnoticias.com\/index.php\/wp-json\/wp\/v2\/posts"}],"about":[{"href":"https:\/\/cdnoticias.com\/index.php\/wp-json\/wp\/v2\/types\/post"}],"author":[{"embeddable":true,"href":"https:\/\/cdnoticias.com\/index.php\/wp-json\/wp\/v2\/users\/2"}],"replies":[{"embeddable":true,"href":"https:\/\/cdnoticias.com\/index.php\/wp-json\/wp\/v2\/comments?post=50217"}],"version-history":[{"count":0,"href":"https:\/\/cdnoticias.com\/index.php\/wp-json\/wp\/v2\/posts\/50217\/revisions"}],"wp:featuredmedia":[{"embeddable":true,"href":"https:\/\/cdnoticias.com\/index.php\/wp-json\/wp\/v2\/media\/47264"}],"wp:attachment":[{"href":"https:\/\/cdnoticias.com\/index.php\/wp-json\/wp\/v2\/media?parent=50217"}],"wp:term":[{"taxonomy":"category","embeddable":true,"href":"https:\/\/cdnoticias.com\/index.php\/wp-json\/wp\/v2\/categories?post=50217"},{"taxonomy":"post_tag","embeddable":true,"href":"https:\/\/cdnoticias.com\/index.php\/wp-json\/wp\/v2\/tags?post=50217"}],"curies":[{"name":"wp","href":"https:\/\/api.w.org\/{rel}","templated":true}]}}